{"id":4071,"date":"2019-04-08T11:34:40","date_gmt":"2019-04-08T09:34:40","guid":{"rendered":"https:\/\/raffinessen.ch\/webseite\/?p=4071"},"modified":"2019-03-25T11:52:00","modified_gmt":"2019-03-25T10:52:00","slug":"teil-29-ein-steriler-tripel-bastard","status":"publish","type":"post","link":"https:\/\/www.raffinessen.ch\/fr\/teil-29-ein-steriler-tripel-bastard\/","title":{"rendered":"Partie 29 : Un triple b\u00e2tard st\u00e9rile"},"content":{"rendered":"<p>Ce qui sonne ici comme une insulte malveillante n'est en r\u00e9alit\u00e9 rien d'autre que la cat\u00e9gorisation scientifique de la menthe poivr\u00e9e. Je me suis pench\u00e9 sur cette plante parce que je voulais me faire une id\u00e9e de la cuisine nord-africaine et, bien s\u00fbr, parce que l'appellation poivre m'int\u00e9ressait. Je savais qu'il n'y avait pas de lien botanique entre l'herbe et l'\u00e9pice, mais d'o\u00f9 vient donc le poivre dans le nom ?<\/p>\n<p>En 1669, le biologiste John Ray, p\u00e8re de la botanique anglaise, a d\u00e9couvert la plante dans un jardin anglais. Par son travail dans le domaine de la syst\u00e9matique animale et v\u00e9g\u00e9tale, John Ray a fourni une base importante pour la future syst\u00e9matique linn\u00e9enne. Avec sa m\u00e9thode de syst\u00e9matisation bas\u00e9e sur des caract\u00e9ristiques morphologiques, il a pos\u00e9 les bases d'un nouveau syst\u00e8me de botanique et a fond\u00e9 une classification naturelle. Dans les ann\u00e9es qui ont suivi la d\u00e9couverte de la menthe poivr\u00e9e, il a \u00e9labor\u00e9 sa d\u00e9finition de l'esp\u00e8ce en tant que communaut\u00e9 reproductrice, ce qui \u00e9tait proche de la d\u00e9finition actuelle. La menthe poivr\u00e9e est un sujet d'\u00e9tude int\u00e9ressant en ce qui concerne les questions de syst\u00e9matique :<\/p>\n<p>On pense que la menthe poivr\u00e9e (Mentha piperita) est n\u00e9e d'un croisement fortuit entre la menthe des ruisseaux (Mentha aquatica) et la menthe verte (Mentha spicata).<br \/>\nEn Europe, il existait et il existe encore de nombreuses esp\u00e8ces de menthes sauvages. Le genre Mentha est tr\u00e8s variable et a tendance \u00e0 s'hybrider, ce qui ne permet pas toujours de distinguer clairement les esp\u00e8ces et les vari\u00e9t\u00e9s. La menthe a en outre tendance \u00e0 se naturaliser \u00e0 partir de cultures, comme par exemple \u00e0 Mitcham dans le Surrey en Angleterre ou dans le sud de l'Allemagne, dans la r\u00e9gion de Munich, o\u00f9 la menthe poivr\u00e9e est cultiv\u00e9e dans des zones mar\u00e9cageuses.<\/p>\n<p>La menthe poivr\u00e9e est un triple b\u00e2tard car la mentha spicata est d\u00e9j\u00e0 un croisement entre la menthe longue (Mentha longifolia) et la mentha rotundifolia.<br \/>\nEn raison de sa st\u00e9rilit\u00e9, la menthe poivr\u00e9e ne peut \u00eatre multipli\u00e9e que par voie v\u00e9g\u00e9tative, c'est-\u00e0-dire par bouturage. Les tentatives de culture de cette plante m\u00e9dicinale ont donn\u00e9 naissance \u00e0 de nombreuses vari\u00e9t\u00e9s.<br \/>\nDepuis 1750, la menthe poivr\u00e9e est cultiv\u00e9e \u00e0 Mitcham, pr\u00e8s de Londres. La vari\u00e9t\u00e9 vert fonc\u00e9 'Mitcham' est encore consid\u00e9r\u00e9e aujourd'hui comme la meilleure vari\u00e9t\u00e9. Pour simplifier, on distingue les vari\u00e9t\u00e9s vert fonc\u00e9 ('black mint') et vert clair ('white mint').<\/p>\n<p>La menthe poivr\u00e9e se distingue des autres menthes surtout par sa forte teneur en menthol et sa faible teneur en carvone, ainsi que par son go\u00fbt plus prononc\u00e9, d'o\u00f9 son nom de menthe poivr\u00e9e.<br \/>\nIl me semble int\u00e9ressant de constater une fois de plus que la signification du terme \"poivre\" s'\u00e9tend bien au-del\u00e0 de l'\u00e9pice concr\u00e8te et peut \u00eatre transpos\u00e9e \u00e0 tout ce qui est \u00e9pic\u00e9 et piquant d'une mani\u00e8re ou d'une autre... Ou devrait-on plut\u00f4t dire qu'elle pouvait l'\u00eatre ? Je pourrais tr\u00e8s bien imaginer qu'avec le passage du produit de luxe au produit de tous les jours, le champ s\u00e9mantique s'est restreint. Maintenant que tout le monde a du poivre chez soi, la signification du mot s'est focalis\u00e9e sur une chose bien pr\u00e9cise.<\/p>","protected":false},"excerpt":{"rendered":"<p>Was sich hier wie eine b\u00f6sartige Beschimpfung anh\u00f6rt, ist in Wahrheit nichts Anderes, als die wissenschaftliche Kategorisierung von Pfefferminze. Ich habe mich mit dieser Pflanze besch\u00e4ftigt, weil ich mir ein Bild von der nordafrikanischen K\u00fcche machen will und nat\u00fcrlich, weil mich die Bezeichnung Pfeffer interessierte. Dass es keinen botanischen Zusammenhang zwischen dem Kraut und dem [&hellip;]<\/p>\n","protected":false},"author":1,"featured_media":3290,"comment_status":"closed","ping_status":"closed","sticky":false,"template":"","format":"standard","meta":{"footnotes":""},"categories":[477],"tags":[],"class_list":["post-4071","post","type-post","status-publish","format-standard","has-post-thumbnail","hentry","category-expedition-ins-pfefferland"],"yoast_head":"<!-- This site is optimized with the Yoast SEO plugin v27.5 - https:\/\/yoast.com\/product\/yoast-seo-wordpress\/ -->\n<title>Teil 29: Ein steriler Tripel Bastard - Raffinessen<\/title>\n<meta name=\"robots\" content=\"index, follow, max-snippet:-1, max-image-preview:large, max-video-preview:-1\" \/>\n<link rel=\"canonical\" href=\"https:\/\/www.raffinessen.ch\/fr\/teil-29-ein-steriler-tripel-bastard\/\" \/>\n<meta property=\"og:locale\" content=\"fr_FR\" \/>\n<meta property=\"og:type\" content=\"article\" \/>\n<meta property=\"og:title\" content=\"Teil 29: Ein steriler Tripel Bastard - Raffinessen\" \/>\n<meta property=\"og:description\" content=\"Was sich hier wie eine b\u00f6sartige Beschimpfung anh\u00f6rt, ist in Wahrheit nichts Anderes, als die wissenschaftliche Kategorisierung von Pfefferminze. Ich habe mich mit dieser Pflanze besch\u00e4ftigt, weil ich mir ein Bild von der nordafrikanischen K\u00fcche machen will und nat\u00fcrlich, weil mich die Bezeichnung Pfeffer interessierte. Dass es keinen botanischen Zusammenhang zwischen dem Kraut und dem [&hellip;]\" \/>\n<meta property=\"og:url\" content=\"https:\/\/www.raffinessen.ch\/fr\/teil-29-ein-steriler-tripel-bastard\/\" \/>\n<meta property=\"og:site_name\" content=\"Raffinessen\" \/>\n<meta property=\"article:published_time\" content=\"2019-04-08T09:34:40+00:00\" \/>\n<meta property=\"og:image\" content=\"https:\/\/www.raffinessen.ch\/webseite\/wp-content\/uploads\/2018\/05\/map-of-the-world-429784_1920.jpg\" \/>\n\t<meta property=\"og:image:width\" content=\"1920\" \/>\n\t<meta property=\"og:image:height\" content=\"1280\" \/>\n\t<meta property=\"og:image:type\" content=\"image\/jpeg\" \/>\n<meta name=\"author\" content=\"Autor\" \/>\n<meta name=\"twitter:card\" content=\"summary_large_image\" \/>\n<meta name=\"twitter:label1\" content=\"\u00c9crit par\" \/>\n\t<meta name=\"twitter:data1\" content=\"Autor\" \/>\n\t<meta name=\"twitter:label2\" content=\"Dur\u00e9e de lecture estim\u00e9e\" \/>\n\t<meta name=\"twitter:data2\" content=\"2 minutes\" \/>\n<script type=\"application\/ld+json\" class=\"yoast-schema-graph\">{\"@context\":\"https:\\\/\\\/schema.org\",\"@graph\":[{\"@type\":\"Article\",\"@id\":\"https:\\\/\\\/www.raffinessen.ch\\\/teil-29-ein-steriler-tripel-bastard\\\/#article\",\"isPartOf\":{\"@id\":\"https:\\\/\\\/www.raffinessen.ch\\\/teil-29-ein-steriler-tripel-bastard\\\/\"},\"author\":{\"name\":\"Autor\",\"@id\":\"https:\\\/\\\/www.raffinessen.ch\\\/#\\\/schema\\\/person\\\/778a79aef22b71e0b7c69a26be6b92e8\"},\"headline\":\"Teil 29: Ein steriler Tripel Bastard\",\"datePublished\":\"2019-04-08T09:34:40+00:00\",\"mainEntityOfPage\":{\"@id\":\"https:\\\/\\\/www.raffinessen.ch\\\/teil-29-ein-steriler-tripel-bastard\\\/\"},\"wordCount\":468,\"image\":{\"@id\":\"https:\\\/\\\/www.raffinessen.ch\\\/teil-29-ein-steriler-tripel-bastard\\\/#primaryimage\"},\"thumbnailUrl\":\"https:\\\/\\\/www.raffinessen.ch\\\/webseite\\\/wp-content\\\/uploads\\\/2018\\\/05\\\/map-of-the-world-429784_1920.jpg\",\"articleSection\":[\"Expedition ins Pfefferland\"],\"inLanguage\":\"fr-FR\"},{\"@type\":\"WebPage\",\"@id\":\"https:\\\/\\\/www.raffinessen.ch\\\/teil-29-ein-steriler-tripel-bastard\\\/\",\"url\":\"https:\\\/\\\/www.raffinessen.ch\\\/teil-29-ein-steriler-tripel-bastard\\\/\",\"name\":\"Teil 29: Ein steriler Tripel Bastard - Raffinessen\",\"isPartOf\":{\"@id\":\"https:\\\/\\\/www.raffinessen.ch\\\/#website\"},\"primaryImageOfPage\":{\"@id\":\"https:\\\/\\\/www.raffinessen.ch\\\/teil-29-ein-steriler-tripel-bastard\\\/#primaryimage\"},\"image\":{\"@id\":\"https:\\\/\\\/www.raffinessen.ch\\\/teil-29-ein-steriler-tripel-bastard\\\/#primaryimage\"},\"thumbnailUrl\":\"https:\\\/\\\/www.raffinessen.ch\\\/webseite\\\/wp-content\\\/uploads\\\/2018\\\/05\\\/map-of-the-world-429784_1920.jpg\",\"datePublished\":\"2019-04-08T09:34:40+00:00\",\"author\":{\"@id\":\"https:\\\/\\\/www.raffinessen.ch\\\/#\\\/schema\\\/person\\\/778a79aef22b71e0b7c69a26be6b92e8\"},\"breadcrumb\":{\"@id\":\"https:\\\/\\\/www.raffinessen.ch\\\/teil-29-ein-steriler-tripel-bastard\\\/#breadcrumb\"},\"inLanguage\":\"fr-FR\",\"potentialAction\":[{\"@type\":\"ReadAction\",\"target\":[\"https:\\\/\\\/www.raffinessen.ch\\\/teil-29-ein-steriler-tripel-bastard\\\/\"]}]},{\"@type\":\"ImageObject\",\"inLanguage\":\"fr-FR\",\"@id\":\"https:\\\/\\\/www.raffinessen.ch\\\/teil-29-ein-steriler-tripel-bastard\\\/#primaryimage\",\"url\":\"https:\\\/\\\/www.raffinessen.ch\\\/webseite\\\/wp-content\\\/uploads\\\/2018\\\/05\\\/map-of-the-world-429784_1920.jpg\",\"contentUrl\":\"https:\\\/\\\/www.raffinessen.ch\\\/webseite\\\/wp-content\\\/uploads\\\/2018\\\/05\\\/map-of-the-world-429784_1920.jpg\",\"width\":1920,\"height\":1280},{\"@type\":\"BreadcrumbList\",\"@id\":\"https:\\\/\\\/www.raffinessen.ch\\\/teil-29-ein-steriler-tripel-bastard\\\/#breadcrumb\",\"itemListElement\":[{\"@type\":\"ListItem\",\"position\":1,\"name\":\"Home\",\"item\":\"https:\\\/\\\/www.raffinessen.ch\\\/\"},{\"@type\":\"ListItem\",\"position\":2,\"name\":\"Teil 29: Ein steriler Tripel Bastard\"}]},{\"@type\":\"WebSite\",\"@id\":\"https:\\\/\\\/www.raffinessen.ch\\\/#website\",\"url\":\"https:\\\/\\\/www.raffinessen.ch\\\/\",\"name\":\"Raffinessen\",\"description\":\"roter und schwarzer Kampot Pfeffer - Gew\u00fcrze\",\"potentialAction\":[{\"@type\":\"SearchAction\",\"target\":{\"@type\":\"EntryPoint\",\"urlTemplate\":\"https:\\\/\\\/www.raffinessen.ch\\\/?s={search_term_string}\"},\"query-input\":{\"@type\":\"PropertyValueSpecification\",\"valueRequired\":true,\"valueName\":\"search_term_string\"}}],\"inLanguage\":\"fr-FR\"},{\"@type\":\"Person\",\"@id\":\"https:\\\/\\\/www.raffinessen.ch\\\/#\\\/schema\\\/person\\\/778a79aef22b71e0b7c69a26be6b92e8\",\"name\":\"Autor\",\"image\":{\"@type\":\"ImageObject\",\"inLanguage\":\"fr-FR\",\"@id\":\"https:\\\/\\\/secure.gravatar.com\\\/avatar\\\/5ac208422f20c3215f4431af57cabcd0ccf1209f5ba1e1c9388f51d4c76138a4?s=96&d=mm&r=g\",\"url\":\"https:\\\/\\\/secure.gravatar.com\\\/avatar\\\/5ac208422f20c3215f4431af57cabcd0ccf1209f5ba1e1c9388f51d4c76138a4?s=96&d=mm&r=g\",\"contentUrl\":\"https:\\\/\\\/secure.gravatar.com\\\/avatar\\\/5ac208422f20c3215f4431af57cabcd0ccf1209f5ba1e1c9388f51d4c76138a4?s=96&d=mm&r=g\",\"caption\":\"Autor\"},\"url\":\"https:\\\/\\\/www.raffinessen.ch\\\/fr\\\/author\\\/matthias\\\/\"}]}<\/script>\n<!-- \/ Yoast SEO plugin. -->","yoast_head_json":{"title":"Teil 29: Ein steriler Tripel Bastard - Raffinessen","robots":{"index":"index","follow":"follow","max-snippet":"max-snippet:-1","max-image-preview":"max-image-preview:large","max-video-preview":"max-video-preview:-1"},"canonical":"https:\/\/www.raffinessen.ch\/fr\/teil-29-ein-steriler-tripel-bastard\/","og_locale":"fr_FR","og_type":"article","og_title":"Teil 29: Ein steriler Tripel Bastard - Raffinessen","og_description":"Was sich hier wie eine b\u00f6sartige Beschimpfung anh\u00f6rt, ist in Wahrheit nichts Anderes, als die wissenschaftliche Kategorisierung von Pfefferminze. Ich habe mich mit dieser Pflanze besch\u00e4ftigt, weil ich mir ein Bild von der nordafrikanischen K\u00fcche machen will und nat\u00fcrlich, weil mich die Bezeichnung Pfeffer interessierte. Dass es keinen botanischen Zusammenhang zwischen dem Kraut und dem [&hellip;]","og_url":"https:\/\/www.raffinessen.ch\/fr\/teil-29-ein-steriler-tripel-bastard\/","og_site_name":"Raffinessen","article_published_time":"2019-04-08T09:34:40+00:00","og_image":[{"width":1920,"height":1280,"url":"https:\/\/www.raffinessen.ch\/webseite\/wp-content\/uploads\/2018\/05\/map-of-the-world-429784_1920.jpg","type":"image\/jpeg"}],"author":"Autor","twitter_card":"summary_large_image","twitter_misc":{"\u00c9crit par":"Autor","Dur\u00e9e de lecture estim\u00e9e":"2 minutes"},"schema":{"@context":"https:\/\/schema.org","@graph":[{"@type":"Article","@id":"https:\/\/www.raffinessen.ch\/teil-29-ein-steriler-tripel-bastard\/#article","isPartOf":{"@id":"https:\/\/www.raffinessen.ch\/teil-29-ein-steriler-tripel-bastard\/"},"author":{"name":"Autor","@id":"https:\/\/www.raffinessen.ch\/#\/schema\/person\/778a79aef22b71e0b7c69a26be6b92e8"},"headline":"Teil 29: Ein steriler Tripel Bastard","datePublished":"2019-04-08T09:34:40+00:00","mainEntityOfPage":{"@id":"https:\/\/www.raffinessen.ch\/teil-29-ein-steriler-tripel-bastard\/"},"wordCount":468,"image":{"@id":"https:\/\/www.raffinessen.ch\/teil-29-ein-steriler-tripel-bastard\/#primaryimage"},"thumbnailUrl":"https:\/\/www.raffinessen.ch\/webseite\/wp-content\/uploads\/2018\/05\/map-of-the-world-429784_1920.jpg","articleSection":["Expedition ins Pfefferland"],"inLanguage":"fr-FR"},{"@type":"WebPage","@id":"https:\/\/www.raffinessen.ch\/teil-29-ein-steriler-tripel-bastard\/","url":"https:\/\/www.raffinessen.ch\/teil-29-ein-steriler-tripel-bastard\/","name":"Teil 29: Ein steriler Tripel Bastard - Raffinessen","isPartOf":{"@id":"https:\/\/www.raffinessen.ch\/#website"},"primaryImageOfPage":{"@id":"https:\/\/www.raffinessen.ch\/teil-29-ein-steriler-tripel-bastard\/#primaryimage"},"image":{"@id":"https:\/\/www.raffinessen.ch\/teil-29-ein-steriler-tripel-bastard\/#primaryimage"},"thumbnailUrl":"https:\/\/www.raffinessen.ch\/webseite\/wp-content\/uploads\/2018\/05\/map-of-the-world-429784_1920.jpg","datePublished":"2019-04-08T09:34:40+00:00","author":{"@id":"https:\/\/www.raffinessen.ch\/#\/schema\/person\/778a79aef22b71e0b7c69a26be6b92e8"},"breadcrumb":{"@id":"https:\/\/www.raffinessen.ch\/teil-29-ein-steriler-tripel-bastard\/#breadcrumb"},"inLanguage":"fr-FR","potentialAction":[{"@type":"ReadAction","target":["https:\/\/www.raffinessen.ch\/teil-29-ein-steriler-tripel-bastard\/"]}]},{"@type":"ImageObject","inLanguage":"fr-FR","@id":"https:\/\/www.raffinessen.ch\/teil-29-ein-steriler-tripel-bastard\/#primaryimage","url":"https:\/\/www.raffinessen.ch\/webseite\/wp-content\/uploads\/2018\/05\/map-of-the-world-429784_1920.jpg","contentUrl":"https:\/\/www.raffinessen.ch\/webseite\/wp-content\/uploads\/2018\/05\/map-of-the-world-429784_1920.jpg","width":1920,"height":1280},{"@type":"BreadcrumbList","@id":"https:\/\/www.raffinessen.ch\/teil-29-ein-steriler-tripel-bastard\/#breadcrumb","itemListElement":[{"@type":"ListItem","position":1,"name":"Home","item":"https:\/\/www.raffinessen.ch\/"},{"@type":"ListItem","position":2,"name":"Teil 29: Ein steriler Tripel Bastard"}]},{"@type":"WebSite","@id":"https:\/\/www.raffinessen.ch\/#website","url":"https:\/\/www.raffinessen.ch\/","name":"Raffinements","description":"poivre de Kampot rouge et noir - \u00e9pices","potentialAction":[{"@type":"SearchAction","target":{"@type":"EntryPoint","urlTemplate":"https:\/\/www.raffinessen.ch\/?s={search_term_string}"},"query-input":{"@type":"PropertyValueSpecification","valueRequired":true,"valueName":"search_term_string"}}],"inLanguage":"fr-FR"},{"@type":"Person","@id":"https:\/\/www.raffinessen.ch\/#\/schema\/person\/778a79aef22b71e0b7c69a26be6b92e8","name":"Auteur","image":{"@type":"ImageObject","inLanguage":"fr-FR","@id":"https:\/\/secure.gravatar.com\/avatar\/5ac208422f20c3215f4431af57cabcd0ccf1209f5ba1e1c9388f51d4c76138a4?s=96&d=mm&r=g","url":"https:\/\/secure.gravatar.com\/avatar\/5ac208422f20c3215f4431af57cabcd0ccf1209f5ba1e1c9388f51d4c76138a4?s=96&d=mm&r=g","contentUrl":"https:\/\/secure.gravatar.com\/avatar\/5ac208422f20c3215f4431af57cabcd0ccf1209f5ba1e1c9388f51d4c76138a4?s=96&d=mm&r=g","caption":"Autor"},"url":"https:\/\/www.raffinessen.ch\/fr\/author\/matthias\/"}]}},"_links":{"self":[{"href":"https:\/\/www.raffinessen.ch\/fr\/wp-json\/wp\/v2\/posts\/4071","targetHints":{"allow":["GET"]}}],"collection":[{"href":"https:\/\/www.raffinessen.ch\/fr\/wp-json\/wp\/v2\/posts"}],"about":[{"href":"https:\/\/www.raffinessen.ch\/fr\/wp-json\/wp\/v2\/types\/post"}],"author":[{"embeddable":true,"href":"https:\/\/www.raffinessen.ch\/fr\/wp-json\/wp\/v2\/users\/1"}],"replies":[{"embeddable":true,"href":"https:\/\/www.raffinessen.ch\/fr\/wp-json\/wp\/v2\/comments?post=4071"}],"version-history":[{"count":0,"href":"https:\/\/www.raffinessen.ch\/fr\/wp-json\/wp\/v2\/posts\/4071\/revisions"}],"wp:featuredmedia":[{"embeddable":true,"href":"https:\/\/www.raffinessen.ch\/fr\/wp-json\/wp\/v2\/media\/3290"}],"wp:attachment":[{"href":"https:\/\/www.raffinessen.ch\/fr\/wp-json\/wp\/v2\/media?parent=4071"}],"wp:term":[{"taxonomy":"category","embeddable":true,"href":"https:\/\/www.raffinessen.ch\/fr\/wp-json\/wp\/v2\/categories?post=4071"},{"taxonomy":"post_tag","embeddable":true,"href":"https:\/\/www.raffinessen.ch\/fr\/wp-json\/wp\/v2\/tags?post=4071"}],"curies":[{"name":"wp","href":"https:\/\/api.w.org\/{rel}","templated":true}]}}