{"id":4068,"date":"2019-03-25T11:33:56","date_gmt":"2019-03-25T10:33:56","guid":{"rendered":"https:\/\/raffinessen.ch\/webseite\/?p=4068"},"modified":"2019-03-25T11:33:56","modified_gmt":"2019-03-25T10:33:56","slug":"teil-28-komparative","status":"publish","type":"post","link":"https:\/\/www.raffinessen.ch\/fr\/teil-28-komparative\/","title":{"rendered":"Partie 28 : Comparatifs"},"content":{"rendered":"<p>J'\u00e9tais en train de pratiquer le comparatif avec une classe et lorsque ce fut le tour du jeune homme originaire de Turquie, il a dit : \"Le piment a plus de vitamine C que les citrons\". Je lui ai r\u00e9pondu que la phrase \u00e9tait grammaticalement correcte, mais que quelque chose n'allait pas dans le contenu, car il est bien connu que les citrons ont une teneur en vitamine C bien plus \u00e9lev\u00e9e que les piments.<\/p>\n<p>Il m'a gentiment contredit et, pour ne pas d\u00e9tourner le sujet par des discussions inutiles, je lui ai promis que je me pencherais sur la question de la teneur en vitamine C d'ici la prochaine fois.<br \/>\nUne semaine plus tard, je me suis souvenu de ma promesse et j'ai consult\u00e9 Internet juste avant la le\u00e7on. M\u00eame si je savais que j'avais raison, ce qui m'importait, c'\u00e9tait de fournir des faits \u00e0 cet \u00e9l\u00e8ve impertinent.<\/p>\n<p>Je n'ai pas eu de mal \u00e0 voir qu'il avait raison : 100 grammes de piment rouge contiennent en moyenne 143,7mg de vitamine C, alors que la m\u00eame quantit\u00e9 de citron n'en contient que 53mg, soit un tiers en gros (les oranges en contiennent 50mg et les kiwis 121mg). Je savais que les citrons n'\u00e9taient pas les seules sources de vitamine C et qu'il existait des fruits et des l\u00e9gumes plus riches en vitamine C, par exemple le pruneau du bush australien avec ses 2700 mg ou le fenouil avec ses 93 mg. Mais je n'aurais jamais pens\u00e9 que le piment d\u00e9passerait le citron de si loin. Je m'attendais \u00e0 ce que les piments n'aient pas une teneur significative en vitamine C et j'ai d\u00fb constater que la phrase de l'\u00e9l\u00e8ve \u00e9tait correcte du point de vue des sciences naturelles et pas seulement du point de vue grammatical. Mais non seulement la teneur en vitamine C est extr\u00eamement \u00e9lev\u00e9e, mais le piment contient \u00e9galement des proportions tr\u00e8s importantes de vitamines A et K. En effet, le piment est un aliment tr\u00e8s riche en vitamines A et K. Il contient \u00e9galement des vitamines B et C.<\/p>\n<p>100 grammes de piment couvrent 240% des besoins quotidiens recommand\u00e9s en vitamine C. Avec 42 grammes de piment, les besoins seraient donc couverts.<br \/>\nL'\u00e9l\u00e8ve a souri fi\u00e8rement lorsque j'ai dit \u00e0 la classe qu'il avait raison et que j'ai \u00e9crit les faits que j'avais trouv\u00e9s sur le tableau blanc.<\/p>\n<p>Je n'ai pas dit que la consommation quotidienne de 40 grammes de piment me semblait une portion relativement importante. Un tel commentaire aurait \u00e9t\u00e9 trop didactique. L'\u00e9l\u00e8ve \u00e9tait content, car les \u00e9l\u00e8ves sont toujours contents lorsqu'ils peuvent pour une fois apprendre quelque chose \u00e0 leurs professeurs et j'\u00e9tais content d'avoir appris quelque chose de nouveau - les professeurs qui n'apprennent pas parce qu'ils pensent tout savoir ne sont pas de bons professeurs.<\/p>","protected":false},"excerpt":{"rendered":"<p>Ich war dabei, mit einer Schulklasse den Komparativ zu \u00fcben und als der junge Mann aus der T\u00fcrkei an der Reihe war, sagte er: \u00abChili hat mehr Vitamin C als Zitronen\u00bb. Ich meldete ihm zur\u00fcck, dass der Satz grammatikalisch richtig sei, dass aber inhaltlich etwas nicht stimme, da bekanntlich Zitronen einen viel h\u00f6heren Vitamin-C-Gehalt h\u00e4tten, [&hellip;]<\/p>\n","protected":false},"author":1,"featured_media":3290,"comment_status":"closed","ping_status":"closed","sticky":false,"template":"","format":"standard","meta":{"footnotes":""},"categories":[477],"tags":[],"class_list":["post-4068","post","type-post","status-publish","format-standard","has-post-thumbnail","hentry","category-expedition-ins-pfefferland"],"yoast_head":"<!-- This site is optimized with the Yoast SEO plugin v27.5 - https:\/\/yoast.com\/product\/yoast-seo-wordpress\/ -->\n<title>Teil 28: Komparative - Raffinessen<\/title>\n<meta name=\"robots\" content=\"index, follow, max-snippet:-1, max-image-preview:large, max-video-preview:-1\" \/>\n<link rel=\"canonical\" href=\"https:\/\/www.raffinessen.ch\/fr\/teil-28-komparative\/\" \/>\n<meta property=\"og:locale\" content=\"fr_FR\" \/>\n<meta property=\"og:type\" content=\"article\" \/>\n<meta property=\"og:title\" content=\"Teil 28: Komparative - Raffinessen\" \/>\n<meta property=\"og:description\" content=\"Ich war dabei, mit einer Schulklasse den Komparativ zu \u00fcben und als der junge Mann aus der T\u00fcrkei an der Reihe war, sagte er: \u00abChili hat mehr Vitamin C als Zitronen\u00bb. Ich meldete ihm zur\u00fcck, dass der Satz grammatikalisch richtig sei, dass aber inhaltlich etwas nicht stimme, da bekanntlich Zitronen einen viel h\u00f6heren Vitamin-C-Gehalt h\u00e4tten, [&hellip;]\" \/>\n<meta property=\"og:url\" content=\"https:\/\/www.raffinessen.ch\/fr\/teil-28-komparative\/\" \/>\n<meta property=\"og:site_name\" content=\"Raffinessen\" \/>\n<meta property=\"article:published_time\" content=\"2019-03-25T10:33:56+00:00\" \/>\n<meta property=\"og:image\" content=\"https:\/\/www.raffinessen.ch\/webseite\/wp-content\/uploads\/2018\/05\/map-of-the-world-429784_1920.jpg\" \/>\n\t<meta property=\"og:image:width\" content=\"1920\" \/>\n\t<meta property=\"og:image:height\" content=\"1280\" \/>\n\t<meta property=\"og:image:type\" content=\"image\/jpeg\" \/>\n<meta name=\"author\" content=\"Autor\" \/>\n<meta name=\"twitter:card\" content=\"summary_large_image\" \/>\n<meta name=\"twitter:label1\" content=\"\u00c9crit par\" \/>\n\t<meta name=\"twitter:data1\" content=\"Autor\" \/>\n\t<meta name=\"twitter:label2\" content=\"Dur\u00e9e de lecture estim\u00e9e\" \/>\n\t<meta name=\"twitter:data2\" content=\"2 minutes\" \/>\n<script type=\"application\/ld+json\" class=\"yoast-schema-graph\">{\"@context\":\"https:\\\/\\\/schema.org\",\"@graph\":[{\"@type\":\"Article\",\"@id\":\"https:\\\/\\\/www.raffinessen.ch\\\/teil-28-komparative\\\/#article\",\"isPartOf\":{\"@id\":\"https:\\\/\\\/www.raffinessen.ch\\\/teil-28-komparative\\\/\"},\"author\":{\"name\":\"Autor\",\"@id\":\"https:\\\/\\\/www.raffinessen.ch\\\/#\\\/schema\\\/person\\\/778a79aef22b71e0b7c69a26be6b92e8\"},\"headline\":\"Teil 28: Komparative\",\"datePublished\":\"2019-03-25T10:33:56+00:00\",\"mainEntityOfPage\":{\"@id\":\"https:\\\/\\\/www.raffinessen.ch\\\/teil-28-komparative\\\/\"},\"wordCount\":395,\"image\":{\"@id\":\"https:\\\/\\\/www.raffinessen.ch\\\/teil-28-komparative\\\/#primaryimage\"},\"thumbnailUrl\":\"https:\\\/\\\/www.raffinessen.ch\\\/webseite\\\/wp-content\\\/uploads\\\/2018\\\/05\\\/map-of-the-world-429784_1920.jpg\",\"articleSection\":[\"Expedition ins Pfefferland\"],\"inLanguage\":\"fr-FR\"},{\"@type\":\"WebPage\",\"@id\":\"https:\\\/\\\/www.raffinessen.ch\\\/teil-28-komparative\\\/\",\"url\":\"https:\\\/\\\/www.raffinessen.ch\\\/teil-28-komparative\\\/\",\"name\":\"Teil 28: Komparative - Raffinessen\",\"isPartOf\":{\"@id\":\"https:\\\/\\\/www.raffinessen.ch\\\/#website\"},\"primaryImageOfPage\":{\"@id\":\"https:\\\/\\\/www.raffinessen.ch\\\/teil-28-komparative\\\/#primaryimage\"},\"image\":{\"@id\":\"https:\\\/\\\/www.raffinessen.ch\\\/teil-28-komparative\\\/#primaryimage\"},\"thumbnailUrl\":\"https:\\\/\\\/www.raffinessen.ch\\\/webseite\\\/wp-content\\\/uploads\\\/2018\\\/05\\\/map-of-the-world-429784_1920.jpg\",\"datePublished\":\"2019-03-25T10:33:56+00:00\",\"author\":{\"@id\":\"https:\\\/\\\/www.raffinessen.ch\\\/#\\\/schema\\\/person\\\/778a79aef22b71e0b7c69a26be6b92e8\"},\"breadcrumb\":{\"@id\":\"https:\\\/\\\/www.raffinessen.ch\\\/teil-28-komparative\\\/#breadcrumb\"},\"inLanguage\":\"fr-FR\",\"potentialAction\":[{\"@type\":\"ReadAction\",\"target\":[\"https:\\\/\\\/www.raffinessen.ch\\\/teil-28-komparative\\\/\"]}]},{\"@type\":\"ImageObject\",\"inLanguage\":\"fr-FR\",\"@id\":\"https:\\\/\\\/www.raffinessen.ch\\\/teil-28-komparative\\\/#primaryimage\",\"url\":\"https:\\\/\\\/www.raffinessen.ch\\\/webseite\\\/wp-content\\\/uploads\\\/2018\\\/05\\\/map-of-the-world-429784_1920.jpg\",\"contentUrl\":\"https:\\\/\\\/www.raffinessen.ch\\\/webseite\\\/wp-content\\\/uploads\\\/2018\\\/05\\\/map-of-the-world-429784_1920.jpg\",\"width\":1920,\"height\":1280},{\"@type\":\"BreadcrumbList\",\"@id\":\"https:\\\/\\\/www.raffinessen.ch\\\/teil-28-komparative\\\/#breadcrumb\",\"itemListElement\":[{\"@type\":\"ListItem\",\"position\":1,\"name\":\"Home\",\"item\":\"https:\\\/\\\/www.raffinessen.ch\\\/\"},{\"@type\":\"ListItem\",\"position\":2,\"name\":\"Teil 28: Komparative\"}]},{\"@type\":\"WebSite\",\"@id\":\"https:\\\/\\\/www.raffinessen.ch\\\/#website\",\"url\":\"https:\\\/\\\/www.raffinessen.ch\\\/\",\"name\":\"Raffinessen\",\"description\":\"roter und schwarzer Kampot Pfeffer - Gew\u00fcrze\",\"potentialAction\":[{\"@type\":\"SearchAction\",\"target\":{\"@type\":\"EntryPoint\",\"urlTemplate\":\"https:\\\/\\\/www.raffinessen.ch\\\/?s={search_term_string}\"},\"query-input\":{\"@type\":\"PropertyValueSpecification\",\"valueRequired\":true,\"valueName\":\"search_term_string\"}}],\"inLanguage\":\"fr-FR\"},{\"@type\":\"Person\",\"@id\":\"https:\\\/\\\/www.raffinessen.ch\\\/#\\\/schema\\\/person\\\/778a79aef22b71e0b7c69a26be6b92e8\",\"name\":\"Autor\",\"image\":{\"@type\":\"ImageObject\",\"inLanguage\":\"fr-FR\",\"@id\":\"https:\\\/\\\/secure.gravatar.com\\\/avatar\\\/5ac208422f20c3215f4431af57cabcd0ccf1209f5ba1e1c9388f51d4c76138a4?s=96&d=mm&r=g\",\"url\":\"https:\\\/\\\/secure.gravatar.com\\\/avatar\\\/5ac208422f20c3215f4431af57cabcd0ccf1209f5ba1e1c9388f51d4c76138a4?s=96&d=mm&r=g\",\"contentUrl\":\"https:\\\/\\\/secure.gravatar.com\\\/avatar\\\/5ac208422f20c3215f4431af57cabcd0ccf1209f5ba1e1c9388f51d4c76138a4?s=96&d=mm&r=g\",\"caption\":\"Autor\"},\"url\":\"https:\\\/\\\/www.raffinessen.ch\\\/fr\\\/author\\\/matthias\\\/\"}]}<\/script>\n<!-- \/ Yoast SEO plugin. -->","yoast_head_json":{"title":"Teil 28: Komparative - Raffinessen","robots":{"index":"index","follow":"follow","max-snippet":"max-snippet:-1","max-image-preview":"max-image-preview:large","max-video-preview":"max-video-preview:-1"},"canonical":"https:\/\/www.raffinessen.ch\/fr\/teil-28-komparative\/","og_locale":"fr_FR","og_type":"article","og_title":"Teil 28: Komparative - Raffinessen","og_description":"Ich war dabei, mit einer Schulklasse den Komparativ zu \u00fcben und als der junge Mann aus der T\u00fcrkei an der Reihe war, sagte er: \u00abChili hat mehr Vitamin C als Zitronen\u00bb. Ich meldete ihm zur\u00fcck, dass der Satz grammatikalisch richtig sei, dass aber inhaltlich etwas nicht stimme, da bekanntlich Zitronen einen viel h\u00f6heren Vitamin-C-Gehalt h\u00e4tten, [&hellip;]","og_url":"https:\/\/www.raffinessen.ch\/fr\/teil-28-komparative\/","og_site_name":"Raffinessen","article_published_time":"2019-03-25T10:33:56+00:00","og_image":[{"width":1920,"height":1280,"url":"https:\/\/www.raffinessen.ch\/webseite\/wp-content\/uploads\/2018\/05\/map-of-the-world-429784_1920.jpg","type":"image\/jpeg"}],"author":"Autor","twitter_card":"summary_large_image","twitter_misc":{"\u00c9crit par":"Autor","Dur\u00e9e de lecture estim\u00e9e":"2 minutes"},"schema":{"@context":"https:\/\/schema.org","@graph":[{"@type":"Article","@id":"https:\/\/www.raffinessen.ch\/teil-28-komparative\/#article","isPartOf":{"@id":"https:\/\/www.raffinessen.ch\/teil-28-komparative\/"},"author":{"name":"Autor","@id":"https:\/\/www.raffinessen.ch\/#\/schema\/person\/778a79aef22b71e0b7c69a26be6b92e8"},"headline":"Teil 28: Komparative","datePublished":"2019-03-25T10:33:56+00:00","mainEntityOfPage":{"@id":"https:\/\/www.raffinessen.ch\/teil-28-komparative\/"},"wordCount":395,"image":{"@id":"https:\/\/www.raffinessen.ch\/teil-28-komparative\/#primaryimage"},"thumbnailUrl":"https:\/\/www.raffinessen.ch\/webseite\/wp-content\/uploads\/2018\/05\/map-of-the-world-429784_1920.jpg","articleSection":["Expedition ins Pfefferland"],"inLanguage":"fr-FR"},{"@type":"WebPage","@id":"https:\/\/www.raffinessen.ch\/teil-28-komparative\/","url":"https:\/\/www.raffinessen.ch\/teil-28-komparative\/","name":"Teil 28: Komparative - Raffinessen","isPartOf":{"@id":"https:\/\/www.raffinessen.ch\/#website"},"primaryImageOfPage":{"@id":"https:\/\/www.raffinessen.ch\/teil-28-komparative\/#primaryimage"},"image":{"@id":"https:\/\/www.raffinessen.ch\/teil-28-komparative\/#primaryimage"},"thumbnailUrl":"https:\/\/www.raffinessen.ch\/webseite\/wp-content\/uploads\/2018\/05\/map-of-the-world-429784_1920.jpg","datePublished":"2019-03-25T10:33:56+00:00","author":{"@id":"https:\/\/www.raffinessen.ch\/#\/schema\/person\/778a79aef22b71e0b7c69a26be6b92e8"},"breadcrumb":{"@id":"https:\/\/www.raffinessen.ch\/teil-28-komparative\/#breadcrumb"},"inLanguage":"fr-FR","potentialAction":[{"@type":"ReadAction","target":["https:\/\/www.raffinessen.ch\/teil-28-komparative\/"]}]},{"@type":"ImageObject","inLanguage":"fr-FR","@id":"https:\/\/www.raffinessen.ch\/teil-28-komparative\/#primaryimage","url":"https:\/\/www.raffinessen.ch\/webseite\/wp-content\/uploads\/2018\/05\/map-of-the-world-429784_1920.jpg","contentUrl":"https:\/\/www.raffinessen.ch\/webseite\/wp-content\/uploads\/2018\/05\/map-of-the-world-429784_1920.jpg","width":1920,"height":1280},{"@type":"BreadcrumbList","@id":"https:\/\/www.raffinessen.ch\/teil-28-komparative\/#breadcrumb","itemListElement":[{"@type":"ListItem","position":1,"name":"Home","item":"https:\/\/www.raffinessen.ch\/"},{"@type":"ListItem","position":2,"name":"Teil 28: Komparative"}]},{"@type":"WebSite","@id":"https:\/\/www.raffinessen.ch\/#website","url":"https:\/\/www.raffinessen.ch\/","name":"Raffinements","description":"poivre de Kampot rouge et noir - \u00e9pices","potentialAction":[{"@type":"SearchAction","target":{"@type":"EntryPoint","urlTemplate":"https:\/\/www.raffinessen.ch\/?s={search_term_string}"},"query-input":{"@type":"PropertyValueSpecification","valueRequired":true,"valueName":"search_term_string"}}],"inLanguage":"fr-FR"},{"@type":"Person","@id":"https:\/\/www.raffinessen.ch\/#\/schema\/person\/778a79aef22b71e0b7c69a26be6b92e8","name":"Auteur","image":{"@type":"ImageObject","inLanguage":"fr-FR","@id":"https:\/\/secure.gravatar.com\/avatar\/5ac208422f20c3215f4431af57cabcd0ccf1209f5ba1e1c9388f51d4c76138a4?s=96&d=mm&r=g","url":"https:\/\/secure.gravatar.com\/avatar\/5ac208422f20c3215f4431af57cabcd0ccf1209f5ba1e1c9388f51d4c76138a4?s=96&d=mm&r=g","contentUrl":"https:\/\/secure.gravatar.com\/avatar\/5ac208422f20c3215f4431af57cabcd0ccf1209f5ba1e1c9388f51d4c76138a4?s=96&d=mm&r=g","caption":"Autor"},"url":"https:\/\/www.raffinessen.ch\/fr\/author\/matthias\/"}]}},"_links":{"self":[{"href":"https:\/\/www.raffinessen.ch\/fr\/wp-json\/wp\/v2\/posts\/4068","targetHints":{"allow":["GET"]}}],"collection":[{"href":"https:\/\/www.raffinessen.ch\/fr\/wp-json\/wp\/v2\/posts"}],"about":[{"href":"https:\/\/www.raffinessen.ch\/fr\/wp-json\/wp\/v2\/types\/post"}],"author":[{"embeddable":true,"href":"https:\/\/www.raffinessen.ch\/fr\/wp-json\/wp\/v2\/users\/1"}],"replies":[{"embeddable":true,"href":"https:\/\/www.raffinessen.ch\/fr\/wp-json\/wp\/v2\/comments?post=4068"}],"version-history":[{"count":0,"href":"https:\/\/www.raffinessen.ch\/fr\/wp-json\/wp\/v2\/posts\/4068\/revisions"}],"wp:featuredmedia":[{"embeddable":true,"href":"https:\/\/www.raffinessen.ch\/fr\/wp-json\/wp\/v2\/media\/3290"}],"wp:attachment":[{"href":"https:\/\/www.raffinessen.ch\/fr\/wp-json\/wp\/v2\/media?parent=4068"}],"wp:term":[{"taxonomy":"category","embeddable":true,"href":"https:\/\/www.raffinessen.ch\/fr\/wp-json\/wp\/v2\/categories?post=4068"},{"taxonomy":"post_tag","embeddable":true,"href":"https:\/\/www.raffinessen.ch\/fr\/wp-json\/wp\/v2\/tags?post=4068"}],"curies":[{"name":"wp","href":"https:\/\/api.w.org\/{rel}","templated":true}]}}