{"id":4039,"date":"2019-03-09T08:22:55","date_gmt":"2019-03-09T07:22:55","guid":{"rendered":"https:\/\/raffinessen.ch\/webseite\/?p=4039"},"modified":"2019-03-09T08:24:56","modified_gmt":"2019-03-09T07:24:56","slug":"die-ernte-2019-hat-begonnen","status":"publish","type":"post","link":"https:\/\/www.raffinessen.ch\/fr\/die-ernte-2019-hat-begonnen\/","title":{"rendered":"La r\u00e9colte 2019 a commenc\u00e9 !"},"content":{"rendered":"<p>Les plants de poivre sont suffisamment m\u00fbrs pour que l'on puisse trouver sur les panicules toute la gamme de couleurs des fruits du poivre. Chaque jour, nos collaborateurs recherchent les grains de poivre rouge m\u00fbrs sur les plantes et les cueillent un par un \u00e0 la main pour les faire s\u00e9cher au soleil.<\/p>\n\n<style type=\"text\/css\" data-created_by=\"avia_inline_auto\" id=\"style-css-av-6jenzr-f73f1a3c5dfe347cd99a33147ca20fc5\">\n.avia-image-container.av-6jenzr-f73f1a3c5dfe347cd99a33147ca20fc5 img.avia_image{\nbox-shadow:none;\n}\n.avia-image-container.av-6jenzr-f73f1a3c5dfe347cd99a33147ca20fc5 .av-image-caption-overlay-center{\ncolor:#ffffff;\n}\n<\/style>\n<div  class='avia-image-container av-6jenzr-f73f1a3c5dfe347cd99a33147ca20fc5 av-styling- avia-align-center  avia-builder-el-0  el_before_av_image  avia-builder-el-first'   itemprop=\"image\" itemscope=\"itemscope\" itemtype=\"https:\/\/schema.org\/ImageObject\" ><div class=\"avia-image-container-inner\"><div class=\"avia-image-overlay-wrap\"><img decoding=\"async\" fetchpriority=\"high\" class='wp-image-4042 avia-img-lazy-loading-not-4042 avia_image' src=\"https:\/\/www.raffinessen.ch\/webseite\/wp-content\/uploads\/2019\/03\/kampot-pfeffer-ernte-2018-1.jpeg\" alt='' title='kampot-pfeffer-ernte-2018-1'  height=\"640\" width=\"480\"  itemprop=\"thumbnailUrl\" srcset=\"https:\/\/www.raffinessen.ch\/webseite\/wp-content\/uploads\/2019\/03\/kampot-pfeffer-ernte-2018-1.jpeg 480w, https:\/\/www.raffinessen.ch\/webseite\/wp-content\/uploads\/2019\/03\/kampot-pfeffer-ernte-2018-1-225x300.jpeg 225w\" sizes=\"(max-width: 480px) 100vw, 480px\" \/><\/div><\/div><\/div>\n<p>Afin que tous les grains soient r\u00e9colt\u00e9s et s\u00e9ch\u00e9s avant le d\u00e9but de la saison des pluies, la r\u00e9colte de plantes s\u00e9lectionn\u00e9es commence d\u00e8s la mi-avril. Toutes les plantes doivent \u00eatre r\u00e9colt\u00e9es au plus tard fin juin. Jusqu'\u00e0 cette date, seuls 20% environ des grains atteignent le stade de pleine maturit\u00e9 et peuvent \u00eatre transform\u00e9s en poivre rouge. Les grains verts et jaunes restants sont utilis\u00e9s pour produire du poivre noir. Les fruits de qualit\u00e9 irr\u00e9prochable, mais dont la peau est ab\u00eem\u00e9e, sont tri\u00e9s et transform\u00e9s en poivre blanc.<\/p>\n\n<style type=\"text\/css\" data-created_by=\"avia_inline_auto\" id=\"style-css-av-3tdn8n-d4f7fdfa238b5ea8ebef6e410be90da3\">\n.avia-image-container.av-3tdn8n-d4f7fdfa238b5ea8ebef6e410be90da3 img.avia_image{\nbox-shadow:none;\n}\n.avia-image-container.av-3tdn8n-d4f7fdfa238b5ea8ebef6e410be90da3 .av-image-caption-overlay-center{\ncolor:#ffffff;\n}\n<\/style>\n<div  class='avia-image-container av-3tdn8n-d4f7fdfa238b5ea8ebef6e410be90da3 av-styling- avia-align-center  avia-builder-el-1  el_after_av_image  el_before_av_image'   itemprop=\"image\" itemscope=\"itemscope\" itemtype=\"https:\/\/schema.org\/ImageObject\" ><div class=\"avia-image-container-inner\"><div class=\"avia-image-overlay-wrap\"><img decoding=\"async\" fetchpriority=\"high\" class='wp-image-4044 avia-img-lazy-loading-not-4044 avia_image' src=\"https:\/\/www.raffinessen.ch\/webseite\/wp-content\/uploads\/2019\/03\/kampot-pfeffer-ernte-2018-3.jpeg\" alt='' title='kampot-pfeffer-ernte-2018-3'  height=\"311\" width=\"640\"  itemprop=\"thumbnailUrl\" srcset=\"https:\/\/www.raffinessen.ch\/webseite\/wp-content\/uploads\/2019\/03\/kampot-pfeffer-ernte-2018-3.jpeg 640w, https:\/\/www.raffinessen.ch\/webseite\/wp-content\/uploads\/2019\/03\/kampot-pfeffer-ernte-2018-3-300x146.jpeg 300w\" sizes=\"(max-width: 640px) 100vw, 640px\" \/><\/div><\/div><\/div>\n<p>Pour prendre soin des plantes, les trier manuellement et les faire s\u00e9cher suffisamment au soleil, il faut un \u0153il averti. C'est pourquoi nous sommes tr\u00e8s heureux d'accueillir notre nouveau gestionnaire de ferme, Touch Cheng. Il apporte beaucoup d'exp\u00e9rience et peut nous aider \u00e0 prendre soin de nos plantes de mani\u00e8re optimale et \u00e0 nous offrir le meilleur poivre possible.<\/p>\n\n<style type=\"text\/css\" data-created_by=\"avia_inline_auto\" id=\"style-css-av-2e5q2f-85613d7d132ed1a44e0010ea452e2c8b\">\n.avia-image-container.av-2e5q2f-85613d7d132ed1a44e0010ea452e2c8b img.avia_image{\nbox-shadow:none;\n}\n.avia-image-container.av-2e5q2f-85613d7d132ed1a44e0010ea452e2c8b .av-image-caption-overlay-center{\ncolor:#ffffff;\n}\n<\/style>\n<div  class='avia-image-container av-2e5q2f-85613d7d132ed1a44e0010ea452e2c8b av-styling- avia-align-center  avia-builder-el-2  el_after_av_image  avia-builder-el-last'   itemprop=\"image\" itemscope=\"itemscope\" itemtype=\"https:\/\/schema.org\/ImageObject\" ><div class=\"avia-image-container-inner\"><div class=\"avia-image-overlay-wrap\"><img decoding=\"async\" fetchpriority=\"high\" class='wp-image-4045 avia-img-lazy-loading-not-4045 avia_image' src=\"https:\/\/www.raffinessen.ch\/webseite\/wp-content\/uploads\/2019\/03\/kampot-pfeffer-ernte-2018-4.jpg\" alt='' title='kampot-pfeffer-ernte-2018-4'  height=\"311\" width=\"640\"  itemprop=\"thumbnailUrl\" srcset=\"https:\/\/www.raffinessen.ch\/webseite\/wp-content\/uploads\/2019\/03\/kampot-pfeffer-ernte-2018-4.jpg 640w, https:\/\/www.raffinessen.ch\/webseite\/wp-content\/uploads\/2019\/03\/kampot-pfeffer-ernte-2018-4-300x146.jpg 300w\" sizes=\"(max-width: 640px) 100vw, 640px\" \/><\/div><\/div><\/div>\n<p>Nous sommes en tout cas impatients de d\u00e9couvrir les compositions gustatives qui nous convaincront avec le poivre mill\u00e9sim\u00e9 2019.<\/p>\n<p><a href=\"https:\/\/www.raffinessen.ch\/fr\/webseite\/shop\/\">Blanc<\/a>, <a href=\"https:\/\/www.raffinessen.ch\/fr\/webseite\/shop\/\">noir<\/a> et <a href=\"https:\/\/www.raffinessen.ch\/fr\/webseite\/shop\/\">poivre rouge de Kampot<\/a> de la r\u00e9colte 2018 est toujours disponible via notre <a href=\"https:\/\/www.raffinessen.ch\/fr\/webseite\/shop\/\">Boutique en ligne<\/a> peuvent \u00eatre obtenus.<\/p>\n<p>Meilleures salutations<br \/>\nVotre \u00e9quipe Raffinessen.ch<\/p>","protected":false},"excerpt":{"rendered":"<p>Die Pfefferpflanzen sind soweit ausgereift, dass an den Rispen das ganze Farbspektrum der Pfefferfr\u00fcchte zu finden ist. T\u00e4glich suchen unsere Mitarbeitenden die Pflanzen nach ausgereiften roten Pfefferk\u00f6rnern ab und pfl\u00fccken diese einzeln von Hand um sie anschliessend an der Sonne trocknen zu lassen. Damit vor Einsetzen der Regenzeit alle K\u00f6rner geerntet und getrocknet sind, wird [&hellip;]<\/p>\n","protected":false},"author":1,"featured_media":3250,"comment_status":"closed","ping_status":"closed","sticky":false,"template":"","format":"standard","meta":{"footnotes":""},"categories":[25],"tags":[],"class_list":["post-4039","post","type-post","status-publish","format-standard","has-post-thumbnail","hentry","category-farm"],"yoast_head":"<!-- This site is optimized with the Yoast SEO plugin v27.5 - https:\/\/yoast.com\/product\/yoast-seo-wordpress\/ -->\n<title>Die Ernte 2019 hat begonnen! - Raffinessen<\/title>\n<meta name=\"robots\" content=\"index, follow, max-snippet:-1, max-image-preview:large, max-video-preview:-1\" \/>\n<link rel=\"canonical\" href=\"https:\/\/www.raffinessen.ch\/fr\/die-ernte-2019-hat-begonnen\/\" \/>\n<meta property=\"og:locale\" content=\"fr_FR\" \/>\n<meta property=\"og:type\" content=\"article\" \/>\n<meta property=\"og:title\" content=\"Die Ernte 2019 hat begonnen! - Raffinessen\" \/>\n<meta property=\"og:description\" content=\"Die Pfefferpflanzen sind soweit ausgereift, dass an den Rispen das ganze Farbspektrum der Pfefferfr\u00fcchte zu finden ist. T\u00e4glich suchen unsere Mitarbeitenden die Pflanzen nach ausgereiften roten Pfefferk\u00f6rnern ab und pfl\u00fccken diese einzeln von Hand um sie anschliessend an der Sonne trocknen zu lassen. Damit vor Einsetzen der Regenzeit alle K\u00f6rner geerntet und getrocknet sind, wird [&hellip;]\" \/>\n<meta property=\"og:url\" content=\"https:\/\/www.raffinessen.ch\/fr\/die-ernte-2019-hat-begonnen\/\" \/>\n<meta property=\"og:site_name\" content=\"Raffinessen\" \/>\n<meta property=\"article:published_time\" content=\"2019-03-09T07:22:55+00:00\" \/>\n<meta property=\"article:modified_time\" content=\"2019-03-09T07:24:56+00:00\" \/>\n<meta property=\"og:image\" content=\"https:\/\/www.raffinessen.ch\/webseite\/wp-content\/uploads\/2018\/05\/Roter-Kampot-Korb.jpg\" \/>\n\t<meta property=\"og:image:width\" content=\"3000\" \/>\n\t<meta property=\"og:image:height\" content=\"2000\" \/>\n\t<meta property=\"og:image:type\" content=\"image\/jpeg\" \/>\n<meta name=\"author\" content=\"Autor\" \/>\n<meta name=\"twitter:card\" content=\"summary_large_image\" \/>\n<meta name=\"twitter:label1\" content=\"\u00c9crit par\" \/>\n\t<meta name=\"twitter:data1\" content=\"Autor\" \/>\n\t<meta name=\"twitter:label2\" content=\"Dur\u00e9e de lecture estim\u00e9e\" \/>\n\t<meta name=\"twitter:data2\" content=\"2 minutes\" \/>\n<script type=\"application\/ld+json\" class=\"yoast-schema-graph\">{\"@context\":\"https:\\\/\\\/schema.org\",\"@graph\":[{\"@type\":\"Article\",\"@id\":\"https:\\\/\\\/www.raffinessen.ch\\\/die-ernte-2019-hat-begonnen\\\/#article\",\"isPartOf\":{\"@id\":\"https:\\\/\\\/www.raffinessen.ch\\\/die-ernte-2019-hat-begonnen\\\/\"},\"author\":{\"name\":\"Autor\",\"@id\":\"https:\\\/\\\/www.raffinessen.ch\\\/#\\\/schema\\\/person\\\/778a79aef22b71e0b7c69a26be6b92e8\"},\"headline\":\"Die Ernte 2019 hat begonnen!\",\"datePublished\":\"2019-03-09T07:22:55+00:00\",\"dateModified\":\"2019-03-09T07:24:56+00:00\",\"mainEntityOfPage\":{\"@id\":\"https:\\\/\\\/www.raffinessen.ch\\\/die-ernte-2019-hat-begonnen\\\/\"},\"wordCount\":366,\"image\":{\"@id\":\"https:\\\/\\\/www.raffinessen.ch\\\/die-ernte-2019-hat-begonnen\\\/#primaryimage\"},\"thumbnailUrl\":\"https:\\\/\\\/www.raffinessen.ch\\\/webseite\\\/wp-content\\\/uploads\\\/2018\\\/05\\\/Roter-Kampot-Korb.jpg\",\"articleSection\":[\"Farm\"],\"inLanguage\":\"fr-FR\"},{\"@type\":\"WebPage\",\"@id\":\"https:\\\/\\\/www.raffinessen.ch\\\/die-ernte-2019-hat-begonnen\\\/\",\"url\":\"https:\\\/\\\/www.raffinessen.ch\\\/die-ernte-2019-hat-begonnen\\\/\",\"name\":\"Die Ernte 2019 hat begonnen! - Raffinessen\",\"isPartOf\":{\"@id\":\"https:\\\/\\\/www.raffinessen.ch\\\/#website\"},\"primaryImageOfPage\":{\"@id\":\"https:\\\/\\\/www.raffinessen.ch\\\/die-ernte-2019-hat-begonnen\\\/#primaryimage\"},\"image\":{\"@id\":\"https:\\\/\\\/www.raffinessen.ch\\\/die-ernte-2019-hat-begonnen\\\/#primaryimage\"},\"thumbnailUrl\":\"https:\\\/\\\/www.raffinessen.ch\\\/webseite\\\/wp-content\\\/uploads\\\/2018\\\/05\\\/Roter-Kampot-Korb.jpg\",\"datePublished\":\"2019-03-09T07:22:55+00:00\",\"dateModified\":\"2019-03-09T07:24:56+00:00\",\"author\":{\"@id\":\"https:\\\/\\\/www.raffinessen.ch\\\/#\\\/schema\\\/person\\\/778a79aef22b71e0b7c69a26be6b92e8\"},\"breadcrumb\":{\"@id\":\"https:\\\/\\\/www.raffinessen.ch\\\/die-ernte-2019-hat-begonnen\\\/#breadcrumb\"},\"inLanguage\":\"fr-FR\",\"potentialAction\":[{\"@type\":\"ReadAction\",\"target\":[\"https:\\\/\\\/www.raffinessen.ch\\\/die-ernte-2019-hat-begonnen\\\/\"]}]},{\"@type\":\"ImageObject\",\"inLanguage\":\"fr-FR\",\"@id\":\"https:\\\/\\\/www.raffinessen.ch\\\/die-ernte-2019-hat-begonnen\\\/#primaryimage\",\"url\":\"https:\\\/\\\/www.raffinessen.ch\\\/webseite\\\/wp-content\\\/uploads\\\/2018\\\/05\\\/Roter-Kampot-Korb.jpg\",\"contentUrl\":\"https:\\\/\\\/www.raffinessen.ch\\\/webseite\\\/wp-content\\\/uploads\\\/2018\\\/05\\\/Roter-Kampot-Korb.jpg\",\"width\":3000,\"height\":2000},{\"@type\":\"BreadcrumbList\",\"@id\":\"https:\\\/\\\/www.raffinessen.ch\\\/die-ernte-2019-hat-begonnen\\\/#breadcrumb\",\"itemListElement\":[{\"@type\":\"ListItem\",\"position\":1,\"name\":\"Home\",\"item\":\"https:\\\/\\\/www.raffinessen.ch\\\/\"},{\"@type\":\"ListItem\",\"position\":2,\"name\":\"Die Ernte 2019 hat begonnen!\"}]},{\"@type\":\"WebSite\",\"@id\":\"https:\\\/\\\/www.raffinessen.ch\\\/#website\",\"url\":\"https:\\\/\\\/www.raffinessen.ch\\\/\",\"name\":\"Raffinessen\",\"description\":\"roter und schwarzer Kampot Pfeffer - Gew\u00fcrze\",\"potentialAction\":[{\"@type\":\"SearchAction\",\"target\":{\"@type\":\"EntryPoint\",\"urlTemplate\":\"https:\\\/\\\/www.raffinessen.ch\\\/?s={search_term_string}\"},\"query-input\":{\"@type\":\"PropertyValueSpecification\",\"valueRequired\":true,\"valueName\":\"search_term_string\"}}],\"inLanguage\":\"fr-FR\"},{\"@type\":\"Person\",\"@id\":\"https:\\\/\\\/www.raffinessen.ch\\\/#\\\/schema\\\/person\\\/778a79aef22b71e0b7c69a26be6b92e8\",\"name\":\"Autor\",\"image\":{\"@type\":\"ImageObject\",\"inLanguage\":\"fr-FR\",\"@id\":\"https:\\\/\\\/secure.gravatar.com\\\/avatar\\\/5ac208422f20c3215f4431af57cabcd0ccf1209f5ba1e1c9388f51d4c76138a4?s=96&d=mm&r=g\",\"url\":\"https:\\\/\\\/secure.gravatar.com\\\/avatar\\\/5ac208422f20c3215f4431af57cabcd0ccf1209f5ba1e1c9388f51d4c76138a4?s=96&d=mm&r=g\",\"contentUrl\":\"https:\\\/\\\/secure.gravatar.com\\\/avatar\\\/5ac208422f20c3215f4431af57cabcd0ccf1209f5ba1e1c9388f51d4c76138a4?s=96&d=mm&r=g\",\"caption\":\"Autor\"},\"url\":\"https:\\\/\\\/www.raffinessen.ch\\\/fr\\\/author\\\/matthias\\\/\"}]}<\/script>\n<!-- \/ Yoast SEO plugin. -->","yoast_head_json":{"title":"Die Ernte 2019 hat begonnen! - Raffinessen","robots":{"index":"index","follow":"follow","max-snippet":"max-snippet:-1","max-image-preview":"max-image-preview:large","max-video-preview":"max-video-preview:-1"},"canonical":"https:\/\/www.raffinessen.ch\/fr\/die-ernte-2019-hat-begonnen\/","og_locale":"fr_FR","og_type":"article","og_title":"Die Ernte 2019 hat begonnen! - Raffinessen","og_description":"Die Pfefferpflanzen sind soweit ausgereift, dass an den Rispen das ganze Farbspektrum der Pfefferfr\u00fcchte zu finden ist. T\u00e4glich suchen unsere Mitarbeitenden die Pflanzen nach ausgereiften roten Pfefferk\u00f6rnern ab und pfl\u00fccken diese einzeln von Hand um sie anschliessend an der Sonne trocknen zu lassen. Damit vor Einsetzen der Regenzeit alle K\u00f6rner geerntet und getrocknet sind, wird [&hellip;]","og_url":"https:\/\/www.raffinessen.ch\/fr\/die-ernte-2019-hat-begonnen\/","og_site_name":"Raffinessen","article_published_time":"2019-03-09T07:22:55+00:00","article_modified_time":"2019-03-09T07:24:56+00:00","og_image":[{"width":3000,"height":2000,"url":"https:\/\/www.raffinessen.ch\/webseite\/wp-content\/uploads\/2018\/05\/Roter-Kampot-Korb.jpg","type":"image\/jpeg"}],"author":"Autor","twitter_card":"summary_large_image","twitter_misc":{"\u00c9crit par":"Autor","Dur\u00e9e de lecture estim\u00e9e":"2 minutes"},"schema":{"@context":"https:\/\/schema.org","@graph":[{"@type":"Article","@id":"https:\/\/www.raffinessen.ch\/die-ernte-2019-hat-begonnen\/#article","isPartOf":{"@id":"https:\/\/www.raffinessen.ch\/die-ernte-2019-hat-begonnen\/"},"author":{"name":"Autor","@id":"https:\/\/www.raffinessen.ch\/#\/schema\/person\/778a79aef22b71e0b7c69a26be6b92e8"},"headline":"Die Ernte 2019 hat begonnen!","datePublished":"2019-03-09T07:22:55+00:00","dateModified":"2019-03-09T07:24:56+00:00","mainEntityOfPage":{"@id":"https:\/\/www.raffinessen.ch\/die-ernte-2019-hat-begonnen\/"},"wordCount":366,"image":{"@id":"https:\/\/www.raffinessen.ch\/die-ernte-2019-hat-begonnen\/#primaryimage"},"thumbnailUrl":"https:\/\/www.raffinessen.ch\/webseite\/wp-content\/uploads\/2018\/05\/Roter-Kampot-Korb.jpg","articleSection":["Farm"],"inLanguage":"fr-FR"},{"@type":"WebPage","@id":"https:\/\/www.raffinessen.ch\/die-ernte-2019-hat-begonnen\/","url":"https:\/\/www.raffinessen.ch\/die-ernte-2019-hat-begonnen\/","name":"Die Ernte 2019 hat begonnen! - Raffinessen","isPartOf":{"@id":"https:\/\/www.raffinessen.ch\/#website"},"primaryImageOfPage":{"@id":"https:\/\/www.raffinessen.ch\/die-ernte-2019-hat-begonnen\/#primaryimage"},"image":{"@id":"https:\/\/www.raffinessen.ch\/die-ernte-2019-hat-begonnen\/#primaryimage"},"thumbnailUrl":"https:\/\/www.raffinessen.ch\/webseite\/wp-content\/uploads\/2018\/05\/Roter-Kampot-Korb.jpg","datePublished":"2019-03-09T07:22:55+00:00","dateModified":"2019-03-09T07:24:56+00:00","author":{"@id":"https:\/\/www.raffinessen.ch\/#\/schema\/person\/778a79aef22b71e0b7c69a26be6b92e8"},"breadcrumb":{"@id":"https:\/\/www.raffinessen.ch\/die-ernte-2019-hat-begonnen\/#breadcrumb"},"inLanguage":"fr-FR","potentialAction":[{"@type":"ReadAction","target":["https:\/\/www.raffinessen.ch\/die-ernte-2019-hat-begonnen\/"]}]},{"@type":"ImageObject","inLanguage":"fr-FR","@id":"https:\/\/www.raffinessen.ch\/die-ernte-2019-hat-begonnen\/#primaryimage","url":"https:\/\/www.raffinessen.ch\/webseite\/wp-content\/uploads\/2018\/05\/Roter-Kampot-Korb.jpg","contentUrl":"https:\/\/www.raffinessen.ch\/webseite\/wp-content\/uploads\/2018\/05\/Roter-Kampot-Korb.jpg","width":3000,"height":2000},{"@type":"BreadcrumbList","@id":"https:\/\/www.raffinessen.ch\/die-ernte-2019-hat-begonnen\/#breadcrumb","itemListElement":[{"@type":"ListItem","position":1,"name":"Home","item":"https:\/\/www.raffinessen.ch\/"},{"@type":"ListItem","position":2,"name":"Die Ernte 2019 hat begonnen!"}]},{"@type":"WebSite","@id":"https:\/\/www.raffinessen.ch\/#website","url":"https:\/\/www.raffinessen.ch\/","name":"Raffinements","description":"poivre de Kampot rouge et noir - \u00e9pices","potentialAction":[{"@type":"SearchAction","target":{"@type":"EntryPoint","urlTemplate":"https:\/\/www.raffinessen.ch\/?s={search_term_string}"},"query-input":{"@type":"PropertyValueSpecification","valueRequired":true,"valueName":"search_term_string"}}],"inLanguage":"fr-FR"},{"@type":"Person","@id":"https:\/\/www.raffinessen.ch\/#\/schema\/person\/778a79aef22b71e0b7c69a26be6b92e8","name":"Auteur","image":{"@type":"ImageObject","inLanguage":"fr-FR","@id":"https:\/\/secure.gravatar.com\/avatar\/5ac208422f20c3215f4431af57cabcd0ccf1209f5ba1e1c9388f51d4c76138a4?s=96&d=mm&r=g","url":"https:\/\/secure.gravatar.com\/avatar\/5ac208422f20c3215f4431af57cabcd0ccf1209f5ba1e1c9388f51d4c76138a4?s=96&d=mm&r=g","contentUrl":"https:\/\/secure.gravatar.com\/avatar\/5ac208422f20c3215f4431af57cabcd0ccf1209f5ba1e1c9388f51d4c76138a4?s=96&d=mm&r=g","caption":"Autor"},"url":"https:\/\/www.raffinessen.ch\/fr\/author\/matthias\/"}]}},"_links":{"self":[{"href":"https:\/\/www.raffinessen.ch\/fr\/wp-json\/wp\/v2\/posts\/4039","targetHints":{"allow":["GET"]}}],"collection":[{"href":"https:\/\/www.raffinessen.ch\/fr\/wp-json\/wp\/v2\/posts"}],"about":[{"href":"https:\/\/www.raffinessen.ch\/fr\/wp-json\/wp\/v2\/types\/post"}],"author":[{"embeddable":true,"href":"https:\/\/www.raffinessen.ch\/fr\/wp-json\/wp\/v2\/users\/1"}],"replies":[{"embeddable":true,"href":"https:\/\/www.raffinessen.ch\/fr\/wp-json\/wp\/v2\/comments?post=4039"}],"version-history":[{"count":0,"href":"https:\/\/www.raffinessen.ch\/fr\/wp-json\/wp\/v2\/posts\/4039\/revisions"}],"wp:featuredmedia":[{"embeddable":true,"href":"https:\/\/www.raffinessen.ch\/fr\/wp-json\/wp\/v2\/media\/3250"}],"wp:attachment":[{"href":"https:\/\/www.raffinessen.ch\/fr\/wp-json\/wp\/v2\/media?parent=4039"}],"wp:term":[{"taxonomy":"category","embeddable":true,"href":"https:\/\/www.raffinessen.ch\/fr\/wp-json\/wp\/v2\/categories?post=4039"},{"taxonomy":"post_tag","embeddable":true,"href":"https:\/\/www.raffinessen.ch\/fr\/wp-json\/wp\/v2\/tags?post=4039"}],"curies":[{"name":"wp","href":"https:\/\/api.w.org\/{rel}","templated":true}]}}