{"id":3968,"date":"2019-03-03T15:15:03","date_gmt":"2019-03-03T14:15:03","guid":{"rendered":"https:\/\/raffinessen.ch\/webseite\/?p=3968"},"modified":"2019-01-10T15:15:45","modified_gmt":"2019-01-10T14:15:45","slug":"teil-27-sie-kamen-ein-haeuschen-von-pfefferkuchen-fein","status":"publish","type":"post","link":"https:\/\/www.raffinessen.ch\/fr\/teil-27-sie-kamen-ein-haeuschen-von-pfefferkuchen-fein\/","title":{"rendered":"Partie 27 : Ils sont arriv\u00e9s \u00e0 une maison de pain d'\u00e9pice fine"},"content":{"rendered":"<p>Enfant, je n'arrivais pas \u00e0 m'imaginer une p\u00e2tisserie sucr\u00e9e sous le nom de \"Pfefferkuchen\" et je supposais que la sorci\u00e8re, par m\u00e9chancet\u00e9, avait mis du poivre dans le g\u00e2teau. Un jour, j'ai appris que ce \"g\u00e2teau au poivre\" n'\u00e9tait pas diff\u00e9rent du \"pain d'\u00e9pices\".<br \/>\nLe pain d'\u00e9pices fran\u00e7ais et le gingerbread anglais font \u00e9galement partie de cette cat\u00e9gorie de p\u00e2tisseries. Il existe donc d'innombrables recettes diff\u00e9rentes pour ces g\u00e2teaux sucr\u00e9s aux \u00e9pices.<br \/>\nIl est int\u00e9ressant de noter que la cannelle est souvent pr\u00e9sente en assez grande quantit\u00e9 dans les recettes allemandes, alors qu'elle est presque ou totalement absente des recettes d'Europe de l'Est ou du Nord. Inversement, le poivre ne figure que dans le nom du Pfefferkuchen allemand et n'est pas ajout\u00e9 comme \u00e9pice, contrairement \u00e0 l'Europe de l'Est o\u00f9 il est effectivement utilis\u00e9 pour la p\u00e2tisserie. <\/p>\n<p>Je survole sur doazmol-rezepte.ch quelques recettes suisses de pain d'\u00e9pices tir\u00e9es de livres de cuisine des ann\u00e9es 1901 \u00e0 1932 ; aucune des recettes qui y figurent ne contient de poivre. Le poivre semble \u00e9galement \u00e9tranger aux pains d'\u00e9pices lucernois, argoviens et b\u00e2lois, et de mani\u00e8re tr\u00e8s spartiate, au pain d'\u00e9pices bernois aux noisettes, qui n'est assaisonn\u00e9 que de cannelle.<\/p>\n<p>Les premi\u00e8res traces \u00e9crites de petits g\u00e2teaux \u00e9pic\u00e9s au miel remontent \u00e0 350 av. J.-C., mais les d\u00e9couvertes arch\u00e9ologiques dans les tombes \u00e9gyptiennes montrent qu'ils connaissaient d\u00e9j\u00e0 les p\u00e2tisseries sucr\u00e9es au miel.  Les Romains connaissaient \u00e9galement le panis mellitus, un pain gratin\u00e9 au miel. Cette tradition s'est poursuivie avec certaines innovations dans les monast\u00e8res du Moyen \u00c2ge. Sous le nom de \"Pfefferkuchen\", cette p\u00e2tisserie est mentionn\u00e9e d\u00e8s 1296 \u00e0 Ulm. Au 14e si\u00e8cle, c'est surtout le pain d'\u00e9pices de Nuremberg qui est tr\u00e8s connu. Il trouve son origine dans le monast\u00e8re de Heilsbronn. Comme le pain d'\u00e9pices \u00e9tait souvent cuit dans des monast\u00e8res o\u00f9 l'on fabriquait \u00e9galement des hosties, il \u00e9tait parfois cuit sur des gaufrettes. En raison de sa longue dur\u00e9e de conservation, il pouvait \u00eatre stock\u00e9 et distribu\u00e9 par les moines en p\u00e9riode de p\u00e9nurie alimentaire. Y aurait-il ici un lien entre le conte de Hansel et Gretel et l'utilisation du pain d'\u00e9pices comme nourriture de secours ? Dans la version originale des fr\u00e8res Grimm, ce n'est pas la m\u00e9chante mar\u00e2tre mais la m\u00e8re biologique de Hansel et Gretel qui envoie ses enfants dans la for\u00eat, non par m\u00e9chancet\u00e9 mais par faim. L'accent de la trag\u00e9die n'est donc pas mis sur le caract\u00e8re de la m\u00e8re mais sur la mis\u00e8re, la pauvret\u00e9. Du point de vue de l'histoire de la langue, \"Leb\" dans le mot Lebkuchen signifie \"miche\", c'est-\u00e0-dire pain azyme, mais c'est probablement en raison de son effet salvateur que le nom a \u00e9t\u00e9 interpr\u00e9t\u00e9 en \u00e9tymologie populaire comme un g\u00e2teau de vie.<br \/>\nLe pain au poivre ou pain d'\u00e9pices est un biscuit aux \u00e9pices mais, curieusement, on n'utilise presque pas de poivre dans sa fabrication... Peut-\u00eatre que le poivre, \"roi des \u00e9pices\", \u00e9tait synonyme d'\u00e9pice ?<\/p>","protected":false},"excerpt":{"rendered":"<p>Ich konnte mir als Kind unter \u201ePfefferkuchen\u201c kein S\u00fcssgeb\u00e4ck vorstellen und nahm an, dass die Hexe aus ihrer B\u00f6sartigkeit heraus Pfeffer in den Kuchen gemischt habe. Irgendwann erfuhr ich dann, dass dieser \u201ePfefferkuchen\u201c nicht anders als \u201eLebkuchen\u201c ist. Auch das franz\u00f6sische Pain d\u2019\u00e9pices und das englisch Gingerbread geh\u00f6ren in diese Gattung von Geb\u00e4cken. Entsprechend gibt [&hellip;]<\/p>\n","protected":false},"author":1,"featured_media":3290,"comment_status":"closed","ping_status":"closed","sticky":false,"template":"","format":"standard","meta":{"footnotes":""},"categories":[477],"tags":[],"class_list":["post-3968","post","type-post","status-publish","format-standard","has-post-thumbnail","hentry","category-expedition-ins-pfefferland"],"yoast_head":"<!-- This site is optimized with the Yoast SEO plugin v27.5 - https:\/\/yoast.com\/product\/yoast-seo-wordpress\/ -->\n<title>Teil 27: Sie kamen an ein H\u00e4uschen von Pfefferkuchen fein - Raffinessen<\/title>\n<meta name=\"robots\" content=\"index, follow, max-snippet:-1, max-image-preview:large, max-video-preview:-1\" \/>\n<link rel=\"canonical\" href=\"https:\/\/www.raffinessen.ch\/fr\/teil-27-sie-kamen-ein-haeuschen-von-pfefferkuchen-fein\/\" \/>\n<meta property=\"og:locale\" content=\"fr_FR\" \/>\n<meta property=\"og:type\" content=\"article\" \/>\n<meta property=\"og:title\" content=\"Teil 27: Sie kamen an ein H\u00e4uschen von Pfefferkuchen fein - Raffinessen\" \/>\n<meta property=\"og:description\" content=\"Ich konnte mir als Kind unter \u201ePfefferkuchen\u201c kein S\u00fcssgeb\u00e4ck vorstellen und nahm an, dass die Hexe aus ihrer B\u00f6sartigkeit heraus Pfeffer in den Kuchen gemischt habe. Irgendwann erfuhr ich dann, dass dieser \u201ePfefferkuchen\u201c nicht anders als \u201eLebkuchen\u201c ist. Auch das franz\u00f6sische Pain d\u2019\u00e9pices und das englisch Gingerbread geh\u00f6ren in diese Gattung von Geb\u00e4cken. Entsprechend gibt [&hellip;]\" \/>\n<meta property=\"og:url\" content=\"https:\/\/www.raffinessen.ch\/fr\/teil-27-sie-kamen-ein-haeuschen-von-pfefferkuchen-fein\/\" \/>\n<meta property=\"og:site_name\" content=\"Raffinessen\" \/>\n<meta property=\"article:published_time\" content=\"2019-03-03T14:15:03+00:00\" \/>\n<meta property=\"og:image\" content=\"https:\/\/www.raffinessen.ch\/webseite\/wp-content\/uploads\/2018\/05\/map-of-the-world-429784_1920.jpg\" \/>\n\t<meta property=\"og:image:width\" content=\"1920\" \/>\n\t<meta property=\"og:image:height\" content=\"1280\" \/>\n\t<meta property=\"og:image:type\" content=\"image\/jpeg\" \/>\n<meta name=\"author\" content=\"Autor\" \/>\n<meta name=\"twitter:card\" content=\"summary_large_image\" \/>\n<meta name=\"twitter:label1\" content=\"\u00c9crit par\" \/>\n\t<meta name=\"twitter:data1\" content=\"Autor\" \/>\n\t<meta name=\"twitter:label2\" content=\"Dur\u00e9e de lecture estim\u00e9e\" \/>\n\t<meta name=\"twitter:data2\" content=\"2 minutes\" \/>\n<script type=\"application\/ld+json\" class=\"yoast-schema-graph\">{\"@context\":\"https:\\\/\\\/schema.org\",\"@graph\":[{\"@type\":\"Article\",\"@id\":\"https:\\\/\\\/www.raffinessen.ch\\\/teil-27-sie-kamen-ein-haeuschen-von-pfefferkuchen-fein\\\/#article\",\"isPartOf\":{\"@id\":\"https:\\\/\\\/www.raffinessen.ch\\\/teil-27-sie-kamen-ein-haeuschen-von-pfefferkuchen-fein\\\/\"},\"author\":{\"name\":\"Autor\",\"@id\":\"https:\\\/\\\/www.raffinessen.ch\\\/#\\\/schema\\\/person\\\/778a79aef22b71e0b7c69a26be6b92e8\"},\"headline\":\"Teil 27: Sie kamen an ein H\u00e4uschen von Pfefferkuchen fein\",\"datePublished\":\"2019-03-03T14:15:03+00:00\",\"mainEntityOfPage\":{\"@id\":\"https:\\\/\\\/www.raffinessen.ch\\\/teil-27-sie-kamen-ein-haeuschen-von-pfefferkuchen-fein\\\/\"},\"wordCount\":459,\"image\":{\"@id\":\"https:\\\/\\\/www.raffinessen.ch\\\/teil-27-sie-kamen-ein-haeuschen-von-pfefferkuchen-fein\\\/#primaryimage\"},\"thumbnailUrl\":\"https:\\\/\\\/www.raffinessen.ch\\\/webseite\\\/wp-content\\\/uploads\\\/2018\\\/05\\\/map-of-the-world-429784_1920.jpg\",\"articleSection\":[\"Expedition ins Pfefferland\"],\"inLanguage\":\"fr-FR\"},{\"@type\":\"WebPage\",\"@id\":\"https:\\\/\\\/www.raffinessen.ch\\\/teil-27-sie-kamen-ein-haeuschen-von-pfefferkuchen-fein\\\/\",\"url\":\"https:\\\/\\\/www.raffinessen.ch\\\/teil-27-sie-kamen-ein-haeuschen-von-pfefferkuchen-fein\\\/\",\"name\":\"Teil 27: Sie kamen an ein H\u00e4uschen von Pfefferkuchen fein - Raffinessen\",\"isPartOf\":{\"@id\":\"https:\\\/\\\/www.raffinessen.ch\\\/#website\"},\"primaryImageOfPage\":{\"@id\":\"https:\\\/\\\/www.raffinessen.ch\\\/teil-27-sie-kamen-ein-haeuschen-von-pfefferkuchen-fein\\\/#primaryimage\"},\"image\":{\"@id\":\"https:\\\/\\\/www.raffinessen.ch\\\/teil-27-sie-kamen-ein-haeuschen-von-pfefferkuchen-fein\\\/#primaryimage\"},\"thumbnailUrl\":\"https:\\\/\\\/www.raffinessen.ch\\\/webseite\\\/wp-content\\\/uploads\\\/2018\\\/05\\\/map-of-the-world-429784_1920.jpg\",\"datePublished\":\"2019-03-03T14:15:03+00:00\",\"author\":{\"@id\":\"https:\\\/\\\/www.raffinessen.ch\\\/#\\\/schema\\\/person\\\/778a79aef22b71e0b7c69a26be6b92e8\"},\"breadcrumb\":{\"@id\":\"https:\\\/\\\/www.raffinessen.ch\\\/teil-27-sie-kamen-ein-haeuschen-von-pfefferkuchen-fein\\\/#breadcrumb\"},\"inLanguage\":\"fr-FR\",\"potentialAction\":[{\"@type\":\"ReadAction\",\"target\":[\"https:\\\/\\\/www.raffinessen.ch\\\/teil-27-sie-kamen-ein-haeuschen-von-pfefferkuchen-fein\\\/\"]}]},{\"@type\":\"ImageObject\",\"inLanguage\":\"fr-FR\",\"@id\":\"https:\\\/\\\/www.raffinessen.ch\\\/teil-27-sie-kamen-ein-haeuschen-von-pfefferkuchen-fein\\\/#primaryimage\",\"url\":\"https:\\\/\\\/www.raffinessen.ch\\\/webseite\\\/wp-content\\\/uploads\\\/2018\\\/05\\\/map-of-the-world-429784_1920.jpg\",\"contentUrl\":\"https:\\\/\\\/www.raffinessen.ch\\\/webseite\\\/wp-content\\\/uploads\\\/2018\\\/05\\\/map-of-the-world-429784_1920.jpg\",\"width\":1920,\"height\":1280},{\"@type\":\"BreadcrumbList\",\"@id\":\"https:\\\/\\\/www.raffinessen.ch\\\/teil-27-sie-kamen-ein-haeuschen-von-pfefferkuchen-fein\\\/#breadcrumb\",\"itemListElement\":[{\"@type\":\"ListItem\",\"position\":1,\"name\":\"Home\",\"item\":\"https:\\\/\\\/www.raffinessen.ch\\\/\"},{\"@type\":\"ListItem\",\"position\":2,\"name\":\"Teil 27: Sie kamen an ein H\u00e4uschen von Pfefferkuchen fein\"}]},{\"@type\":\"WebSite\",\"@id\":\"https:\\\/\\\/www.raffinessen.ch\\\/#website\",\"url\":\"https:\\\/\\\/www.raffinessen.ch\\\/\",\"name\":\"Raffinessen\",\"description\":\"roter und schwarzer Kampot Pfeffer - Gew\u00fcrze\",\"potentialAction\":[{\"@type\":\"SearchAction\",\"target\":{\"@type\":\"EntryPoint\",\"urlTemplate\":\"https:\\\/\\\/www.raffinessen.ch\\\/?s={search_term_string}\"},\"query-input\":{\"@type\":\"PropertyValueSpecification\",\"valueRequired\":true,\"valueName\":\"search_term_string\"}}],\"inLanguage\":\"fr-FR\"},{\"@type\":\"Person\",\"@id\":\"https:\\\/\\\/www.raffinessen.ch\\\/#\\\/schema\\\/person\\\/778a79aef22b71e0b7c69a26be6b92e8\",\"name\":\"Autor\",\"image\":{\"@type\":\"ImageObject\",\"inLanguage\":\"fr-FR\",\"@id\":\"https:\\\/\\\/secure.gravatar.com\\\/avatar\\\/5ac208422f20c3215f4431af57cabcd0ccf1209f5ba1e1c9388f51d4c76138a4?s=96&d=mm&r=g\",\"url\":\"https:\\\/\\\/secure.gravatar.com\\\/avatar\\\/5ac208422f20c3215f4431af57cabcd0ccf1209f5ba1e1c9388f51d4c76138a4?s=96&d=mm&r=g\",\"contentUrl\":\"https:\\\/\\\/secure.gravatar.com\\\/avatar\\\/5ac208422f20c3215f4431af57cabcd0ccf1209f5ba1e1c9388f51d4c76138a4?s=96&d=mm&r=g\",\"caption\":\"Autor\"},\"url\":\"https:\\\/\\\/www.raffinessen.ch\\\/fr\\\/author\\\/matthias\\\/\"}]}<\/script>\n<!-- \/ Yoast SEO plugin. -->","yoast_head_json":{"title":"Teil 27: Sie kamen an ein H\u00e4uschen von Pfefferkuchen fein - Raffinessen","robots":{"index":"index","follow":"follow","max-snippet":"max-snippet:-1","max-image-preview":"max-image-preview:large","max-video-preview":"max-video-preview:-1"},"canonical":"https:\/\/www.raffinessen.ch\/fr\/teil-27-sie-kamen-ein-haeuschen-von-pfefferkuchen-fein\/","og_locale":"fr_FR","og_type":"article","og_title":"Teil 27: Sie kamen an ein H\u00e4uschen von Pfefferkuchen fein - Raffinessen","og_description":"Ich konnte mir als Kind unter \u201ePfefferkuchen\u201c kein S\u00fcssgeb\u00e4ck vorstellen und nahm an, dass die Hexe aus ihrer B\u00f6sartigkeit heraus Pfeffer in den Kuchen gemischt habe. Irgendwann erfuhr ich dann, dass dieser \u201ePfefferkuchen\u201c nicht anders als \u201eLebkuchen\u201c ist. Auch das franz\u00f6sische Pain d\u2019\u00e9pices und das englisch Gingerbread geh\u00f6ren in diese Gattung von Geb\u00e4cken. Entsprechend gibt [&hellip;]","og_url":"https:\/\/www.raffinessen.ch\/fr\/teil-27-sie-kamen-ein-haeuschen-von-pfefferkuchen-fein\/","og_site_name":"Raffinessen","article_published_time":"2019-03-03T14:15:03+00:00","og_image":[{"width":1920,"height":1280,"url":"https:\/\/www.raffinessen.ch\/webseite\/wp-content\/uploads\/2018\/05\/map-of-the-world-429784_1920.jpg","type":"image\/jpeg"}],"author":"Autor","twitter_card":"summary_large_image","twitter_misc":{"\u00c9crit par":"Autor","Dur\u00e9e de lecture estim\u00e9e":"2 minutes"},"schema":{"@context":"https:\/\/schema.org","@graph":[{"@type":"Article","@id":"https:\/\/www.raffinessen.ch\/teil-27-sie-kamen-ein-haeuschen-von-pfefferkuchen-fein\/#article","isPartOf":{"@id":"https:\/\/www.raffinessen.ch\/teil-27-sie-kamen-ein-haeuschen-von-pfefferkuchen-fein\/"},"author":{"name":"Autor","@id":"https:\/\/www.raffinessen.ch\/#\/schema\/person\/778a79aef22b71e0b7c69a26be6b92e8"},"headline":"Teil 27: Sie kamen an ein H\u00e4uschen von Pfefferkuchen fein","datePublished":"2019-03-03T14:15:03+00:00","mainEntityOfPage":{"@id":"https:\/\/www.raffinessen.ch\/teil-27-sie-kamen-ein-haeuschen-von-pfefferkuchen-fein\/"},"wordCount":459,"image":{"@id":"https:\/\/www.raffinessen.ch\/teil-27-sie-kamen-ein-haeuschen-von-pfefferkuchen-fein\/#primaryimage"},"thumbnailUrl":"https:\/\/www.raffinessen.ch\/webseite\/wp-content\/uploads\/2018\/05\/map-of-the-world-429784_1920.jpg","articleSection":["Expedition ins Pfefferland"],"inLanguage":"fr-FR"},{"@type":"WebPage","@id":"https:\/\/www.raffinessen.ch\/teil-27-sie-kamen-ein-haeuschen-von-pfefferkuchen-fein\/","url":"https:\/\/www.raffinessen.ch\/teil-27-sie-kamen-ein-haeuschen-von-pfefferkuchen-fein\/","name":"Teil 27: Sie kamen an ein H\u00e4uschen von Pfefferkuchen fein - Raffinessen","isPartOf":{"@id":"https:\/\/www.raffinessen.ch\/#website"},"primaryImageOfPage":{"@id":"https:\/\/www.raffinessen.ch\/teil-27-sie-kamen-ein-haeuschen-von-pfefferkuchen-fein\/#primaryimage"},"image":{"@id":"https:\/\/www.raffinessen.ch\/teil-27-sie-kamen-ein-haeuschen-von-pfefferkuchen-fein\/#primaryimage"},"thumbnailUrl":"https:\/\/www.raffinessen.ch\/webseite\/wp-content\/uploads\/2018\/05\/map-of-the-world-429784_1920.jpg","datePublished":"2019-03-03T14:15:03+00:00","author":{"@id":"https:\/\/www.raffinessen.ch\/#\/schema\/person\/778a79aef22b71e0b7c69a26be6b92e8"},"breadcrumb":{"@id":"https:\/\/www.raffinessen.ch\/teil-27-sie-kamen-ein-haeuschen-von-pfefferkuchen-fein\/#breadcrumb"},"inLanguage":"fr-FR","potentialAction":[{"@type":"ReadAction","target":["https:\/\/www.raffinessen.ch\/teil-27-sie-kamen-ein-haeuschen-von-pfefferkuchen-fein\/"]}]},{"@type":"ImageObject","inLanguage":"fr-FR","@id":"https:\/\/www.raffinessen.ch\/teil-27-sie-kamen-ein-haeuschen-von-pfefferkuchen-fein\/#primaryimage","url":"https:\/\/www.raffinessen.ch\/webseite\/wp-content\/uploads\/2018\/05\/map-of-the-world-429784_1920.jpg","contentUrl":"https:\/\/www.raffinessen.ch\/webseite\/wp-content\/uploads\/2018\/05\/map-of-the-world-429784_1920.jpg","width":1920,"height":1280},{"@type":"BreadcrumbList","@id":"https:\/\/www.raffinessen.ch\/teil-27-sie-kamen-ein-haeuschen-von-pfefferkuchen-fein\/#breadcrumb","itemListElement":[{"@type":"ListItem","position":1,"name":"Home","item":"https:\/\/www.raffinessen.ch\/"},{"@type":"ListItem","position":2,"name":"Teil 27: Sie kamen an ein H\u00e4uschen von Pfefferkuchen fein"}]},{"@type":"WebSite","@id":"https:\/\/www.raffinessen.ch\/#website","url":"https:\/\/www.raffinessen.ch\/","name":"Raffinements","description":"poivre de Kampot rouge et noir - \u00e9pices","potentialAction":[{"@type":"SearchAction","target":{"@type":"EntryPoint","urlTemplate":"https:\/\/www.raffinessen.ch\/?s={search_term_string}"},"query-input":{"@type":"PropertyValueSpecification","valueRequired":true,"valueName":"search_term_string"}}],"inLanguage":"fr-FR"},{"@type":"Person","@id":"https:\/\/www.raffinessen.ch\/#\/schema\/person\/778a79aef22b71e0b7c69a26be6b92e8","name":"Auteur","image":{"@type":"ImageObject","inLanguage":"fr-FR","@id":"https:\/\/secure.gravatar.com\/avatar\/5ac208422f20c3215f4431af57cabcd0ccf1209f5ba1e1c9388f51d4c76138a4?s=96&d=mm&r=g","url":"https:\/\/secure.gravatar.com\/avatar\/5ac208422f20c3215f4431af57cabcd0ccf1209f5ba1e1c9388f51d4c76138a4?s=96&d=mm&r=g","contentUrl":"https:\/\/secure.gravatar.com\/avatar\/5ac208422f20c3215f4431af57cabcd0ccf1209f5ba1e1c9388f51d4c76138a4?s=96&d=mm&r=g","caption":"Autor"},"url":"https:\/\/www.raffinessen.ch\/fr\/author\/matthias\/"}]}},"_links":{"self":[{"href":"https:\/\/www.raffinessen.ch\/fr\/wp-json\/wp\/v2\/posts\/3968","targetHints":{"allow":["GET"]}}],"collection":[{"href":"https:\/\/www.raffinessen.ch\/fr\/wp-json\/wp\/v2\/posts"}],"about":[{"href":"https:\/\/www.raffinessen.ch\/fr\/wp-json\/wp\/v2\/types\/post"}],"author":[{"embeddable":true,"href":"https:\/\/www.raffinessen.ch\/fr\/wp-json\/wp\/v2\/users\/1"}],"replies":[{"embeddable":true,"href":"https:\/\/www.raffinessen.ch\/fr\/wp-json\/wp\/v2\/comments?post=3968"}],"version-history":[{"count":0,"href":"https:\/\/www.raffinessen.ch\/fr\/wp-json\/wp\/v2\/posts\/3968\/revisions"}],"wp:featuredmedia":[{"embeddable":true,"href":"https:\/\/www.raffinessen.ch\/fr\/wp-json\/wp\/v2\/media\/3290"}],"wp:attachment":[{"href":"https:\/\/www.raffinessen.ch\/fr\/wp-json\/wp\/v2\/media?parent=3968"}],"wp:term":[{"taxonomy":"category","embeddable":true,"href":"https:\/\/www.raffinessen.ch\/fr\/wp-json\/wp\/v2\/categories?post=3968"},{"taxonomy":"post_tag","embeddable":true,"href":"https:\/\/www.raffinessen.ch\/fr\/wp-json\/wp\/v2\/tags?post=3968"}],"curies":[{"name":"wp","href":"https:\/\/api.w.org\/{rel}","templated":true}]}}