{"id":3448,"date":"2018-09-17T10:57:09","date_gmt":"2018-09-17T08:57:09","guid":{"rendered":"https:\/\/raffinessen.ch\/webseite\/?p=3448"},"modified":"2018-09-06T10:58:36","modified_gmt":"2018-09-06T08:58:36","slug":"teil-14-pfefferkoerner-in-der-nase","status":"publish","type":"post","link":"https:\/\/www.raffinessen.ch\/fr\/teil-14-pfefferkoerner-in-der-nase\/","title":{"rendered":"Partie 14 : \"Des grains de poivre dans le nez\"."},"content":{"rendered":"<p>En se penchant sur l'histoire du poivre, on remarque entre autres que cette \u00e9pice \u00e9tait plus ou moins ch\u00e8re selon le lieu et l'\u00e9poque et qu'elle avait en cons\u00e9quence un embouteillage social plus ou moins important. Je trouve sur le forum gutefrage.net le post suivant :<\/p>\n<p><em>\"Poivre par le nez\"<\/em><br \/>\n<em>J'ai \u00e9t\u00e9 oblig\u00e9e d'aspirer du poivre par le nez (Action ou V\u00e9rit\u00e9) si vous connaissez le jeu. J'ai juste besoin d'un coup de main, pas de commentaires stupides, j'ai l'estomac lourd et j'ai l'impression que quelqu'un m'enfonce un doigt dans la gorge tout le temps, \u00e7a fait mal m\u00eame en respirant et j'ai du mal \u00e0 respirer. Je dois aller \u00e0 l'h\u00f4pital ?<\/em><br \/>\n<em>Ps : j'ai 16 ans, je m'appelle Daniel<\/em><\/p>\n<p>Dans ce cas, le poivre semble \u00eatre quelque chose qui se trouve en libre acc\u00e8s dans la maison. Je ne pense pas que l'h\u00f4te de ce jeu amusant ait demand\u00e9 l'autorisation de ses parents avant que Daniel ne s'arrache le poivre du nez.<\/p>\n<p>En 1976, le mus\u00e9e du Caire a remarqu\u00e9 que de la moisissure se formait sur la momie du pharaon Rams\u00e8s II. Celle-ci fut imm\u00e9diatement transport\u00e9e par avion au Louvre \u00e0 Paris afin de r\u00e9parer les d\u00e9g\u00e2ts.<\/p>\n<p>Lors de la restauration, les chercheurs ont trouv\u00e9 pr\u00e8s de 30 grains de poivre indien (Piper nigrum) dans le nez de la momie. Cela signifie qu'il y a plus de 3000 ans, des relations commerciales existaient d\u00e9j\u00e0 entre le Kerala et l'\u00c9gypte. Le fait qu'il n'existe pas (\u00e0 ma connaissance) d'autres d\u00e9couvertes de poivre \u00e9gyptien datant de cette \u00e9poque permet de conclure qu'il s'agissait d'un bien extr\u00eamement pr\u00e9cieux.<\/p>\n<p>Diff\u00e9rents onguents et \u00e9pices \u00e9taient utilis\u00e9s pour la momification, le corps du pharaon d\u00e9funt devait ainsi \u00eatre pr\u00e9serv\u00e9 pour sa renaissance. La fonction des grains de poivre n'est pas claire pour moi. S'agit-il d'une raison technique, dans le sens o\u00f9 le poivre sert \u00e0 l'embaumement ? Et si c'est le cas, pourquoi n'a-t-on pas retrouv\u00e9 du poivre sur d'autres momies ? S'agit-il d'une fonction magique et rituelle, selon laquelle les grains de poivre, \u00e0 l'instar des pierres pr\u00e9cieuses, sont offerts comme bien pr\u00e9cieux dans l'au-del\u00e0 ? Et si c'\u00e9tait le cas, pourquoi les grains \u00e9taient-ils plac\u00e9s dans le nez ? J'ai lu dans une fiche d'information du Badisches Landesmuseum que \"l'\u00e9pice exotique et le rem\u00e8de devaient maintenir le nez de la momie en forme\".<br \/>\nCela peut expliquer pourquoi le nez a \u00e9t\u00e9 bouch\u00e9, mais pas pourquoi du poivre a \u00e9t\u00e9 utilis\u00e9. Je ne comprends pas non plus pourquoi Daniel n'a pas \u00e9ternu\u00e9.<\/p>","protected":false},"excerpt":{"rendered":"<p>Bei der Auseinandersetzung mit der Geschichte des Pfeffers f\u00e4llt unter anderem auf, dass dieses Gew\u00fcrz je nach Ort und Zeit unterschiedlich teuer war und entsprechend einen mehr oder weniger hohen sozialen Staus hatte. Ich finde auf dem Forum gutefrage.net folgenden Post: \u00abPfeffer durch Nase\u00bb Hallo musste vorhin Pfeffer durch die Nase ziehen (Wahrheit oder Pflicht) [&hellip;]<\/p>\n","protected":false},"author":1,"featured_media":3290,"comment_status":"closed","ping_status":"closed","sticky":false,"template":"","format":"standard","meta":{"footnotes":""},"categories":[477],"tags":[],"class_list":["post-3448","post","type-post","status-publish","format-standard","has-post-thumbnail","hentry","category-expedition-ins-pfefferland"],"yoast_head":"<!-- This site is optimized with the Yoast SEO plugin v27.5 - https:\/\/yoast.com\/product\/yoast-seo-wordpress\/ -->\n<title>Teil 14: \u00abPfefferk\u00f6rner in der Nase\u00bb - Raffinessen<\/title>\n<meta name=\"robots\" content=\"index, follow, max-snippet:-1, max-image-preview:large, max-video-preview:-1\" \/>\n<link rel=\"canonical\" href=\"https:\/\/www.raffinessen.ch\/fr\/teil-14-pfefferkoerner-in-der-nase\/\" \/>\n<meta property=\"og:locale\" content=\"fr_FR\" \/>\n<meta property=\"og:type\" content=\"article\" \/>\n<meta property=\"og:title\" content=\"Teil 14: \u00abPfefferk\u00f6rner in der Nase\u00bb - Raffinessen\" \/>\n<meta property=\"og:description\" content=\"Bei der Auseinandersetzung mit der Geschichte des Pfeffers f\u00e4llt unter anderem auf, dass dieses Gew\u00fcrz je nach Ort und Zeit unterschiedlich teuer war und entsprechend einen mehr oder weniger hohen sozialen Staus hatte. Ich finde auf dem Forum gutefrage.net folgenden Post: \u00abPfeffer durch Nase\u00bb Hallo musste vorhin Pfeffer durch die Nase ziehen (Wahrheit oder Pflicht) [&hellip;]\" \/>\n<meta property=\"og:url\" content=\"https:\/\/www.raffinessen.ch\/fr\/teil-14-pfefferkoerner-in-der-nase\/\" \/>\n<meta property=\"og:site_name\" content=\"Raffinessen\" \/>\n<meta property=\"article:published_time\" content=\"2018-09-17T08:57:09+00:00\" \/>\n<meta property=\"og:image\" content=\"https:\/\/www.raffinessen.ch\/webseite\/wp-content\/uploads\/2018\/05\/map-of-the-world-429784_1920.jpg\" \/>\n\t<meta property=\"og:image:width\" content=\"1920\" \/>\n\t<meta property=\"og:image:height\" content=\"1280\" \/>\n\t<meta property=\"og:image:type\" content=\"image\/jpeg\" \/>\n<meta name=\"author\" content=\"Autor\" \/>\n<meta name=\"twitter:card\" content=\"summary_large_image\" \/>\n<meta name=\"twitter:label1\" content=\"\u00c9crit par\" \/>\n\t<meta name=\"twitter:data1\" content=\"Autor\" \/>\n\t<meta name=\"twitter:label2\" content=\"Dur\u00e9e de lecture estim\u00e9e\" \/>\n\t<meta name=\"twitter:data2\" content=\"2 minutes\" \/>\n<script type=\"application\/ld+json\" class=\"yoast-schema-graph\">{\"@context\":\"https:\\\/\\\/schema.org\",\"@graph\":[{\"@type\":\"Article\",\"@id\":\"https:\\\/\\\/www.raffinessen.ch\\\/teil-14-pfefferkoerner-in-der-nase\\\/#article\",\"isPartOf\":{\"@id\":\"https:\\\/\\\/www.raffinessen.ch\\\/teil-14-pfefferkoerner-in-der-nase\\\/\"},\"author\":{\"name\":\"Autor\",\"@id\":\"https:\\\/\\\/www.raffinessen.ch\\\/#\\\/schema\\\/person\\\/778a79aef22b71e0b7c69a26be6b92e8\"},\"headline\":\"Teil 14: \u00abPfefferk\u00f6rner in der Nase\u00bb\",\"datePublished\":\"2018-09-17T08:57:09+00:00\",\"mainEntityOfPage\":{\"@id\":\"https:\\\/\\\/www.raffinessen.ch\\\/teil-14-pfefferkoerner-in-der-nase\\\/\"},\"wordCount\":408,\"image\":{\"@id\":\"https:\\\/\\\/www.raffinessen.ch\\\/teil-14-pfefferkoerner-in-der-nase\\\/#primaryimage\"},\"thumbnailUrl\":\"https:\\\/\\\/www.raffinessen.ch\\\/webseite\\\/wp-content\\\/uploads\\\/2018\\\/05\\\/map-of-the-world-429784_1920.jpg\",\"articleSection\":[\"Expedition ins Pfefferland\"],\"inLanguage\":\"fr-FR\"},{\"@type\":\"WebPage\",\"@id\":\"https:\\\/\\\/www.raffinessen.ch\\\/teil-14-pfefferkoerner-in-der-nase\\\/\",\"url\":\"https:\\\/\\\/www.raffinessen.ch\\\/teil-14-pfefferkoerner-in-der-nase\\\/\",\"name\":\"Teil 14: \u00abPfefferk\u00f6rner in der Nase\u00bb - Raffinessen\",\"isPartOf\":{\"@id\":\"https:\\\/\\\/www.raffinessen.ch\\\/#website\"},\"primaryImageOfPage\":{\"@id\":\"https:\\\/\\\/www.raffinessen.ch\\\/teil-14-pfefferkoerner-in-der-nase\\\/#primaryimage\"},\"image\":{\"@id\":\"https:\\\/\\\/www.raffinessen.ch\\\/teil-14-pfefferkoerner-in-der-nase\\\/#primaryimage\"},\"thumbnailUrl\":\"https:\\\/\\\/www.raffinessen.ch\\\/webseite\\\/wp-content\\\/uploads\\\/2018\\\/05\\\/map-of-the-world-429784_1920.jpg\",\"datePublished\":\"2018-09-17T08:57:09+00:00\",\"author\":{\"@id\":\"https:\\\/\\\/www.raffinessen.ch\\\/#\\\/schema\\\/person\\\/778a79aef22b71e0b7c69a26be6b92e8\"},\"breadcrumb\":{\"@id\":\"https:\\\/\\\/www.raffinessen.ch\\\/teil-14-pfefferkoerner-in-der-nase\\\/#breadcrumb\"},\"inLanguage\":\"fr-FR\",\"potentialAction\":[{\"@type\":\"ReadAction\",\"target\":[\"https:\\\/\\\/www.raffinessen.ch\\\/teil-14-pfefferkoerner-in-der-nase\\\/\"]}]},{\"@type\":\"ImageObject\",\"inLanguage\":\"fr-FR\",\"@id\":\"https:\\\/\\\/www.raffinessen.ch\\\/teil-14-pfefferkoerner-in-der-nase\\\/#primaryimage\",\"url\":\"https:\\\/\\\/www.raffinessen.ch\\\/webseite\\\/wp-content\\\/uploads\\\/2018\\\/05\\\/map-of-the-world-429784_1920.jpg\",\"contentUrl\":\"https:\\\/\\\/www.raffinessen.ch\\\/webseite\\\/wp-content\\\/uploads\\\/2018\\\/05\\\/map-of-the-world-429784_1920.jpg\",\"width\":1920,\"height\":1280},{\"@type\":\"BreadcrumbList\",\"@id\":\"https:\\\/\\\/www.raffinessen.ch\\\/teil-14-pfefferkoerner-in-der-nase\\\/#breadcrumb\",\"itemListElement\":[{\"@type\":\"ListItem\",\"position\":1,\"name\":\"Home\",\"item\":\"https:\\\/\\\/www.raffinessen.ch\\\/\"},{\"@type\":\"ListItem\",\"position\":2,\"name\":\"Teil 14: \u00abPfefferk\u00f6rner in der Nase\u00bb\"}]},{\"@type\":\"WebSite\",\"@id\":\"https:\\\/\\\/www.raffinessen.ch\\\/#website\",\"url\":\"https:\\\/\\\/www.raffinessen.ch\\\/\",\"name\":\"Raffinessen\",\"description\":\"roter und schwarzer Kampot Pfeffer - Gew\u00fcrze\",\"potentialAction\":[{\"@type\":\"SearchAction\",\"target\":{\"@type\":\"EntryPoint\",\"urlTemplate\":\"https:\\\/\\\/www.raffinessen.ch\\\/?s={search_term_string}\"},\"query-input\":{\"@type\":\"PropertyValueSpecification\",\"valueRequired\":true,\"valueName\":\"search_term_string\"}}],\"inLanguage\":\"fr-FR\"},{\"@type\":\"Person\",\"@id\":\"https:\\\/\\\/www.raffinessen.ch\\\/#\\\/schema\\\/person\\\/778a79aef22b71e0b7c69a26be6b92e8\",\"name\":\"Autor\",\"image\":{\"@type\":\"ImageObject\",\"inLanguage\":\"fr-FR\",\"@id\":\"https:\\\/\\\/secure.gravatar.com\\\/avatar\\\/5ac208422f20c3215f4431af57cabcd0ccf1209f5ba1e1c9388f51d4c76138a4?s=96&d=mm&r=g\",\"url\":\"https:\\\/\\\/secure.gravatar.com\\\/avatar\\\/5ac208422f20c3215f4431af57cabcd0ccf1209f5ba1e1c9388f51d4c76138a4?s=96&d=mm&r=g\",\"contentUrl\":\"https:\\\/\\\/secure.gravatar.com\\\/avatar\\\/5ac208422f20c3215f4431af57cabcd0ccf1209f5ba1e1c9388f51d4c76138a4?s=96&d=mm&r=g\",\"caption\":\"Autor\"},\"url\":\"https:\\\/\\\/www.raffinessen.ch\\\/fr\\\/author\\\/matthias\\\/\"}]}<\/script>\n<!-- \/ Yoast SEO plugin. -->","yoast_head_json":{"title":"Teil 14: \u00abPfefferk\u00f6rner in der Nase\u00bb - Raffinessen","robots":{"index":"index","follow":"follow","max-snippet":"max-snippet:-1","max-image-preview":"max-image-preview:large","max-video-preview":"max-video-preview:-1"},"canonical":"https:\/\/www.raffinessen.ch\/fr\/teil-14-pfefferkoerner-in-der-nase\/","og_locale":"fr_FR","og_type":"article","og_title":"Teil 14: \u00abPfefferk\u00f6rner in der Nase\u00bb - Raffinessen","og_description":"Bei der Auseinandersetzung mit der Geschichte des Pfeffers f\u00e4llt unter anderem auf, dass dieses Gew\u00fcrz je nach Ort und Zeit unterschiedlich teuer war und entsprechend einen mehr oder weniger hohen sozialen Staus hatte. Ich finde auf dem Forum gutefrage.net folgenden Post: \u00abPfeffer durch Nase\u00bb Hallo musste vorhin Pfeffer durch die Nase ziehen (Wahrheit oder Pflicht) [&hellip;]","og_url":"https:\/\/www.raffinessen.ch\/fr\/teil-14-pfefferkoerner-in-der-nase\/","og_site_name":"Raffinessen","article_published_time":"2018-09-17T08:57:09+00:00","og_image":[{"width":1920,"height":1280,"url":"https:\/\/www.raffinessen.ch\/webseite\/wp-content\/uploads\/2018\/05\/map-of-the-world-429784_1920.jpg","type":"image\/jpeg"}],"author":"Autor","twitter_card":"summary_large_image","twitter_misc":{"\u00c9crit par":"Autor","Dur\u00e9e de lecture estim\u00e9e":"2 minutes"},"schema":{"@context":"https:\/\/schema.org","@graph":[{"@type":"Article","@id":"https:\/\/www.raffinessen.ch\/teil-14-pfefferkoerner-in-der-nase\/#article","isPartOf":{"@id":"https:\/\/www.raffinessen.ch\/teil-14-pfefferkoerner-in-der-nase\/"},"author":{"name":"Autor","@id":"https:\/\/www.raffinessen.ch\/#\/schema\/person\/778a79aef22b71e0b7c69a26be6b92e8"},"headline":"Teil 14: \u00abPfefferk\u00f6rner in der Nase\u00bb","datePublished":"2018-09-17T08:57:09+00:00","mainEntityOfPage":{"@id":"https:\/\/www.raffinessen.ch\/teil-14-pfefferkoerner-in-der-nase\/"},"wordCount":408,"image":{"@id":"https:\/\/www.raffinessen.ch\/teil-14-pfefferkoerner-in-der-nase\/#primaryimage"},"thumbnailUrl":"https:\/\/www.raffinessen.ch\/webseite\/wp-content\/uploads\/2018\/05\/map-of-the-world-429784_1920.jpg","articleSection":["Expedition ins Pfefferland"],"inLanguage":"fr-FR"},{"@type":"WebPage","@id":"https:\/\/www.raffinessen.ch\/teil-14-pfefferkoerner-in-der-nase\/","url":"https:\/\/www.raffinessen.ch\/teil-14-pfefferkoerner-in-der-nase\/","name":"Teil 14: \u00abPfefferk\u00f6rner in der Nase\u00bb - Raffinessen","isPartOf":{"@id":"https:\/\/www.raffinessen.ch\/#website"},"primaryImageOfPage":{"@id":"https:\/\/www.raffinessen.ch\/teil-14-pfefferkoerner-in-der-nase\/#primaryimage"},"image":{"@id":"https:\/\/www.raffinessen.ch\/teil-14-pfefferkoerner-in-der-nase\/#primaryimage"},"thumbnailUrl":"https:\/\/www.raffinessen.ch\/webseite\/wp-content\/uploads\/2018\/05\/map-of-the-world-429784_1920.jpg","datePublished":"2018-09-17T08:57:09+00:00","author":{"@id":"https:\/\/www.raffinessen.ch\/#\/schema\/person\/778a79aef22b71e0b7c69a26be6b92e8"},"breadcrumb":{"@id":"https:\/\/www.raffinessen.ch\/teil-14-pfefferkoerner-in-der-nase\/#breadcrumb"},"inLanguage":"fr-FR","potentialAction":[{"@type":"ReadAction","target":["https:\/\/www.raffinessen.ch\/teil-14-pfefferkoerner-in-der-nase\/"]}]},{"@type":"ImageObject","inLanguage":"fr-FR","@id":"https:\/\/www.raffinessen.ch\/teil-14-pfefferkoerner-in-der-nase\/#primaryimage","url":"https:\/\/www.raffinessen.ch\/webseite\/wp-content\/uploads\/2018\/05\/map-of-the-world-429784_1920.jpg","contentUrl":"https:\/\/www.raffinessen.ch\/webseite\/wp-content\/uploads\/2018\/05\/map-of-the-world-429784_1920.jpg","width":1920,"height":1280},{"@type":"BreadcrumbList","@id":"https:\/\/www.raffinessen.ch\/teil-14-pfefferkoerner-in-der-nase\/#breadcrumb","itemListElement":[{"@type":"ListItem","position":1,"name":"Home","item":"https:\/\/www.raffinessen.ch\/"},{"@type":"ListItem","position":2,"name":"Teil 14: \u00abPfefferk\u00f6rner in der Nase\u00bb"}]},{"@type":"WebSite","@id":"https:\/\/www.raffinessen.ch\/#website","url":"https:\/\/www.raffinessen.ch\/","name":"Raffinements","description":"poivre de Kampot rouge et noir - \u00e9pices","potentialAction":[{"@type":"SearchAction","target":{"@type":"EntryPoint","urlTemplate":"https:\/\/www.raffinessen.ch\/?s={search_term_string}"},"query-input":{"@type":"PropertyValueSpecification","valueRequired":true,"valueName":"search_term_string"}}],"inLanguage":"fr-FR"},{"@type":"Person","@id":"https:\/\/www.raffinessen.ch\/#\/schema\/person\/778a79aef22b71e0b7c69a26be6b92e8","name":"Auteur","image":{"@type":"ImageObject","inLanguage":"fr-FR","@id":"https:\/\/secure.gravatar.com\/avatar\/5ac208422f20c3215f4431af57cabcd0ccf1209f5ba1e1c9388f51d4c76138a4?s=96&d=mm&r=g","url":"https:\/\/secure.gravatar.com\/avatar\/5ac208422f20c3215f4431af57cabcd0ccf1209f5ba1e1c9388f51d4c76138a4?s=96&d=mm&r=g","contentUrl":"https:\/\/secure.gravatar.com\/avatar\/5ac208422f20c3215f4431af57cabcd0ccf1209f5ba1e1c9388f51d4c76138a4?s=96&d=mm&r=g","caption":"Autor"},"url":"https:\/\/www.raffinessen.ch\/fr\/author\/matthias\/"}]}},"_links":{"self":[{"href":"https:\/\/www.raffinessen.ch\/fr\/wp-json\/wp\/v2\/posts\/3448","targetHints":{"allow":["GET"]}}],"collection":[{"href":"https:\/\/www.raffinessen.ch\/fr\/wp-json\/wp\/v2\/posts"}],"about":[{"href":"https:\/\/www.raffinessen.ch\/fr\/wp-json\/wp\/v2\/types\/post"}],"author":[{"embeddable":true,"href":"https:\/\/www.raffinessen.ch\/fr\/wp-json\/wp\/v2\/users\/1"}],"replies":[{"embeddable":true,"href":"https:\/\/www.raffinessen.ch\/fr\/wp-json\/wp\/v2\/comments?post=3448"}],"version-history":[{"count":0,"href":"https:\/\/www.raffinessen.ch\/fr\/wp-json\/wp\/v2\/posts\/3448\/revisions"}],"wp:featuredmedia":[{"embeddable":true,"href":"https:\/\/www.raffinessen.ch\/fr\/wp-json\/wp\/v2\/media\/3290"}],"wp:attachment":[{"href":"https:\/\/www.raffinessen.ch\/fr\/wp-json\/wp\/v2\/media?parent=3448"}],"wp:term":[{"taxonomy":"category","embeddable":true,"href":"https:\/\/www.raffinessen.ch\/fr\/wp-json\/wp\/v2\/categories?post=3448"},{"taxonomy":"post_tag","embeddable":true,"href":"https:\/\/www.raffinessen.ch\/fr\/wp-json\/wp\/v2\/tags?post=3448"}],"curies":[{"name":"wp","href":"https:\/\/api.w.org\/{rel}","templated":true}]}}