{"id":3319,"date":"2018-05-24T15:37:20","date_gmt":"2018-05-24T13:37:20","guid":{"rendered":"https:\/\/raffinessen.ch\/webseite\/?p=3319"},"modified":"2018-06-06T15:42:29","modified_gmt":"2018-06-06T13:42:29","slug":"teil-3-mit-dem-latein-am-ende","status":"publish","type":"post","link":"https:\/\/www.raffinessen.ch\/fr\/teil-3-mit-dem-latein-am-ende\/","title":{"rendered":"Partie 3 : \u00c0 bout de souffle"},"content":{"rendered":"<p>Je suis partie du principe que Piper \u00e9tait un mot latin. Les Romains utilisaient d\u00e9j\u00e0 le poivre, je le sais depuis mes lectures au lyc\u00e9e. Il serait tout \u00e0 fait logique que l'utilisation du poivre, comme tant d'autres choses, se soit r\u00e9pandue avec la culture romaine. Le mot latin Piper s'adapte ensuite aux diff\u00e9rentes langues, devient poivre, pepe, pepper, poivre et ainsi de suite. C'est donc le long de cette piste que je poursuis mon exp\u00e9dition au pays du poivre. Mais tr\u00e8s vite, je m'aper\u00e7ois que je me suis perdu. Un de ces raccourcis apparents qui, dans le pire des cas, te font tourner en rond pendant des heures.<\/p>\n<p>Le mot Piper est effectivement latin. Mais il s'agit d'un mot \u00e9tranger que les Romains ont int\u00e9gr\u00e9 dans leur langue et latinis\u00e9. Le nom Piper (et avec lui les termes poivre, pepe, etc.) vient du sanskrit. Dans cette ancienne langue indienne, le mot pippali d\u00e9signait le piper longum indien, connu chez nous sous le nom de \"poivre long\". Avant que le pippali ne devienne le terme latin Piper, les Grecs anciens l'appelaient peperi. Chez les Romains d\u00e9j\u00e0, le terme est utilis\u00e9 de mani\u00e8re impr\u00e9cise, leur Piper d\u00e9signant aussi bien le poivre noir, c'est-\u00e0-dire le vrai poivre, que le Piper Longum indien, croyant que les deux fruits provenaient de la m\u00eame plante.<\/p>\n<p>Ce flou conceptuel s'accentue \u00e0 partir du 16e si\u00e8cle. En Europe, les gens appelaient \u00e9galement poivre les diff\u00e9rents piments provenant du \"Nouveau Monde\", qu'il s'agisse de gousses de poivre, de pepe-roni, de paprika ou de poivre v\u00e9ritable.<br \/>\nJe crains que cette approche linguistique ne me m\u00e8ne \u00e9galement par le bout du nez et que je me retrouve de plus en plus d\u00e9sorient\u00e9 au fur et \u00e0 mesure que je m'enfonce dans le pays du poivre. \"Va donc l\u00e0 o\u00f9 le poivre pousse !\" D'ailleurs, il s'agit l\u00e0 aussi d'une expression dont la signification n'est pas clairement explicable. Est-ce que cela signifie simplement que l'on souhaite que quelqu'un s'\u00e9loigne le plus possible dans l'espoir de ne plus avoir \u00e0 rencontrer cette personne ? Ou s'agit-il d'une expression beaucoup plus sp\u00e9cifique et cruelle, par laquelle on souhaite que quelqu'un aille dans une colonie p\u00e9nitentiaire en Guyane fran\u00e7aise, le pays dont la capitale est Cayenne ?<\/p>\n<div id='av-masonry-1' class='av-masonry av-1yu83f-459c2b82ad8bf335cb70ce8c2100842b noHover av-fixed-size av-1px-gap av-hover-overlay- av-masonry-animation-active av-masonry-col-3 av-caption-always av-caption-style- av-masonry-entries' data-post_id=\"3319\"><div class=\"av-masonry-container isotope av-js-disabled\"><div class='av-masonry-entry isotope-item av-masonry-item-no-image'><\/div><a href=\"https:\/\/www.raffinessen.ch\/fr\/teil-44-ein-pfefferspezifischer-zungenbrecher\/\"  id='av-masonry-1-item-4433' data-av-masonry-item='4433' class='av-masonry-entry isotope-item post-4433 post type-post status-publish format-standard has-post-thumbnail hentry category-expedition-ins-pfefferland  av-masonry-item-with-image av-grid-img' title=\"map-of-the-world-429784_1920\"   itemscope=\"itemscope\" itemtype=\"https:\/\/schema.org\/BlogPosting\" itemprop=\"blogPost\" ><div class='av-inner-masonry-sizer'><\/div><figure class='av-inner-masonry main_color'><div class=\"av-masonry-outerimage-container\"><div class='av-masonry-image-container' style=\"background-image: url(https:\/\/www.raffinessen.ch\/webseite\/wp-content\/uploads\/2018\/05\/map-of-the-world-429784_1920-705x470.jpg);\"  title=\"map-of-the-world-429784_1920\" ><\/div><\/div><figcaption class='av-inner-masonry-content site-background'><div class='av-inner-masonry-content-pos'><div class='av-inner-masonry-content-pos-content'><div class='avia-arrow'><\/div><h3 class='av-masonry-entry-title entry-title'  itemprop=\"headline\" >Partie 44 : Un virelangue sp\u00e9cifique au poivre<\/h3><span class='av-masonry-date meta-color updated'>13 d\u00e9cembre 2019<\/span><span class=\"av-masonry-text-sep text-sep-author\">\/<\/span><span class='av-masonry-author meta-color author'><span class='fn'>par Auteur<\/span><\/span><\/div><\/div><\/figcaption><\/figure><\/a><!--end av-masonry entry--><a href=\"https:\/\/www.raffinessen.ch\/fr\/teil-43-rani-channabhairadev-die-pfefferkoenigin\/\"  id='av-masonry-1-item-4430' data-av-masonry-item='4430' class='av-masonry-entry isotope-item post-4430 post type-post status-publish format-standard has-post-thumbnail hentry category-expedition-ins-pfefferland  av-masonry-item-with-image av-grid-img' title=\"map-of-the-world-429784_1920\"   itemscope=\"itemscope\" itemtype=\"https:\/\/schema.org\/BlogPosting\" itemprop=\"blogPost\" ><div class='av-inner-masonry-sizer'><\/div><figure class='av-inner-masonry main_color'><div class=\"av-masonry-outerimage-container\"><div class='av-masonry-image-container' style=\"background-image: url(https:\/\/www.raffinessen.ch\/webseite\/wp-content\/uploads\/2018\/05\/map-of-the-world-429784_1920-705x470.jpg);\"  title=\"map-of-the-world-429784_1920\" ><\/div><\/div><figcaption class='av-inner-masonry-content site-background'><div class='av-inner-masonry-content-pos'><div class='av-inner-masonry-content-pos-content'><div class='avia-arrow'><\/div><h3 class='av-masonry-entry-title entry-title'  itemprop=\"headline\" >Partie 43 : Rani Chennabhairadevi - la reine du poivre<\/h3><span class='av-masonry-date meta-color updated'>29 novembre 2019<\/span><span class=\"av-masonry-text-sep text-sep-author\">\/<\/span><span class='av-masonry-author meta-color author'><span class='fn'>par Auteur<\/span><\/span><\/div><\/div><\/figcaption><\/figure><\/a><!--end av-masonry entry--><a href=\"https:\/\/www.raffinessen.ch\/fr\/teil-42-gewuerznelken-eine-parallelgeschichte\/\"  id='av-masonry-1-item-4399' data-av-masonry-item='4399' class='av-masonry-entry isotope-item post-4399 post type-post status-publish format-standard has-post-thumbnail hentry category-expedition-ins-pfefferland  av-masonry-item-with-image av-grid-img' title=\"map-of-the-world-429784_1920\"   itemscope=\"itemscope\" itemtype=\"https:\/\/schema.org\/BlogPosting\" itemprop=\"blogPost\" ><div class='av-inner-masonry-sizer'><\/div><figure class='av-inner-masonry main_color'><div class=\"av-masonry-outerimage-container\"><div class='av-masonry-image-container' style=\"background-image: url(https:\/\/www.raffinessen.ch\/webseite\/wp-content\/uploads\/2018\/05\/map-of-the-world-429784_1920-705x470.jpg);\"  title=\"map-of-the-world-429784_1920\" ><\/div><\/div><figcaption class='av-inner-masonry-content site-background'><div class='av-inner-masonry-content-pos'><div class='av-inner-masonry-content-pos-content'><div class='avia-arrow'><\/div><h3 class='av-masonry-entry-title entry-title'  itemprop=\"headline\" >Partie 42 : Les clous de girofle, une histoire parall\u00e8le<\/h3><span class='av-masonry-date meta-color updated'>15 novembre 2019<\/span><span class=\"av-masonry-text-sep text-sep-author\">\/<\/span><span class='av-masonry-author meta-color author'><span class='fn'>par Auteur<\/span><\/span><\/div><\/div><\/figcaption><\/figure><\/a><!--end av-masonry entry--><a href=\"https:\/\/www.raffinessen.ch\/fr\/teil-41-doktor-francis\/\"  id='av-masonry-1-item-4396' data-av-masonry-item='4396' class='av-masonry-entry isotope-item post-4396 post type-post status-publish format-standard has-post-thumbnail hentry category-expedition-ins-pfefferland  av-masonry-item-with-image av-grid-img' title=\"map-of-the-world-429784_1920\"   itemscope=\"itemscope\" itemtype=\"https:\/\/schema.org\/BlogPosting\" itemprop=\"blogPost\" ><div class='av-inner-masonry-sizer'><\/div><figure class='av-inner-masonry main_color'><div class=\"av-masonry-outerimage-container\"><div class='av-masonry-image-container' style=\"background-image: url(https:\/\/www.raffinessen.ch\/webseite\/wp-content\/uploads\/2018\/05\/map-of-the-world-429784_1920-705x470.jpg);\"  title=\"map-of-the-world-429784_1920\" ><\/div><\/div><figcaption class='av-inner-masonry-content site-background'><div class='av-inner-masonry-content-pos'><div class='av-inner-masonry-content-pos-content'><div class='avia-arrow'><\/div><h3 class='av-masonry-entry-title entry-title'  itemprop=\"headline\" >Partie 41 : Docteur Francis<\/h3><span class='av-masonry-date meta-color updated'>1er novembre 2019<\/span><span class=\"av-masonry-text-sep text-sep-author\">\/<\/span><span class='av-masonry-author meta-color author'><span class='fn'>par Auteur<\/span><\/span><\/div><\/div><\/figcaption><\/figure><\/a><!--end av-masonry entry--><a href=\"https:\/\/www.raffinessen.ch\/fr\/teil-40-kava-kava-der-genannte-rauschpfeffer\/\"  id='av-masonry-1-item-4393' data-av-masonry-item='4393' class='av-masonry-entry isotope-item post-4393 post type-post status-publish format-standard has-post-thumbnail hentry category-expedition-ins-pfefferland  av-masonry-item-with-image av-grid-img' title=\"map-of-the-world-429784_1920\"   itemscope=\"itemscope\" itemtype=\"https:\/\/schema.org\/BlogPosting\" itemprop=\"blogPost\" ><div class='av-inner-masonry-sizer'><\/div><figure class='av-inner-masonry main_color'><div class=\"av-masonry-outerimage-container\"><div class='av-masonry-image-container' style=\"background-image: url(https:\/\/www.raffinessen.ch\/webseite\/wp-content\/uploads\/2018\/05\/map-of-the-world-429784_1920-705x470.jpg);\"  title=\"map-of-the-world-429784_1920\" ><\/div><\/div><figcaption class='av-inner-masonry-content site-background'><div class='av-inner-masonry-content-pos'><div class='av-inner-masonry-content-pos-content'><div class='avia-arrow'><\/div><h3 class='av-masonry-entry-title entry-title'  itemprop=\"headline\" >Partie 40 : Le kava-kava, ou poivre de l'ivresse<\/h3><span class='av-masonry-date meta-color updated'>18 octobre 2019<\/span><span class=\"av-masonry-text-sep text-sep-author\">\/<\/span><span class='av-masonry-author meta-color author'><span class='fn'>par Auteur<\/span><\/span><\/div><\/div><\/figcaption><\/figure><\/a><!--end av-masonry entry--><a href=\"https:\/\/www.raffinessen.ch\/fr\/teil-39-vasco-da-gama-und-warum-sivaraj-und-seine-freunde-demonstrativ-ins-meer-pinkelten\/\"  id='av-masonry-1-item-4390' data-av-masonry-item='4390' class='av-masonry-entry isotope-item post-4390 post type-post status-publish format-standard has-post-thumbnail hentry category-expedition-ins-pfefferland  av-masonry-item-with-image av-grid-img' title=\"map-of-the-world-429784_1920\"   itemscope=\"itemscope\" itemtype=\"https:\/\/schema.org\/BlogPosting\" itemprop=\"blogPost\" ><div class='av-inner-masonry-sizer'><\/div><figure class='av-inner-masonry main_color'><div class=\"av-masonry-outerimage-container\"><div class='av-masonry-image-container' style=\"background-image: url(https:\/\/www.raffinessen.ch\/webseite\/wp-content\/uploads\/2018\/05\/map-of-the-world-429784_1920-705x470.jpg);\"  title=\"map-of-the-world-429784_1920\" ><\/div><\/div><figcaption class='av-inner-masonry-content site-background'><div class='av-inner-masonry-content-pos'><div class='av-inner-masonry-content-pos-content'><div class='avia-arrow'><\/div><h3 class='av-masonry-entry-title entry-title'  itemprop=\"headline\" >Partie 39 : Vasco de Gama et pourquoi Sivaraj et ses amis pissaient ostensiblement dans la mer<\/h3><span class='av-masonry-date meta-color updated'>4 octobre 2019<\/span><span class=\"av-masonry-text-sep text-sep-author\">\/<\/span><span class='av-masonry-author meta-color author'><span class='fn'>par Auteur<\/span><\/span><\/div><\/div><\/figcaption><\/figure><\/a><!--end av-masonry entry--><\/div><a class='av-masonry-pagination av-masonry-load-more' href='#load-more'  data-link='category, 477'  data-term_rel='IN'  data-wc_prod_visible=''  data-wc_prod_hidden=''  data-wc_prod_featured=''  data-wc_prod_sale=''  data-prod_order_by=''  data-prod_order=''  data-date_filter=''  data-date_filter_start=''  data-date_filter_end=''  data-date_filter_format='yy\/mm\/dd'  data-period_filter_unit_1=''  data-period_filter_unit_2=''  data-page_element_filter=''  data-sort='no'  data-query_orderby='date'  data-query_order='DESC'  data-caption_elements='title'  data-caption_styling=''  data-caption_display='always'  data-img_copyright=''  data-size='fixed masonry'  data-orientation=''  data-image_size='masonry'  data-gap='1px'  data-columns='3'  data-av-desktop-columns=''  data-av-medium-columns=''  data-av-small-columns=''  data-av-mini-columns=''  data-items='6'  data-paginate='load_more'  data-color=''  data-custom_bg=''  data-img_copyright_font=''  data-av-desktop-font-img_copyright_font=''  data-av-medium-font-img_copyright_font=''  data-av-small-font-img_copyright_font=''  data-av-mini-font-img_copyright_font=''  data-img_copyright_color=''  data-img_copyright_bg=''  data-animation='active'  data-animation_duration=''  data-animation_custom_bg_color=''  data-animation_custom_bg_color_multi_list=''  data-animation_z_index_curtain='100'  data-overlay_fx=''  data-img_scrset=''  data-lazy_loading='disabled'  data-av-desktop-hide=''  data-av-medium-hide=''  data-av-small-hide=''  data-av-mini-hide=''  data-alb_description=''  data-id=''  data-custom_class=''  data-template_class=''  data-av_uid='av-1yu83f'  data-sc_version='1.0'  data-ids=''  data-action=''  data-post_type='post, page, attachment, revision, nav_menu_item, custom_css, customize_changeset, oembed_cache, user_request, wp_block, wp_template, wp_template_part, wp_global_styles, wp_navigation, wp_font_family, wp_font_face, product, product_variation, shop_order, shop_order_refund, shop_coupon, shop_order_placehold, alb_custom_layout, avia_framework_post, order_status, language_switcher, yith-wcbm-badge, ywtm_tab, portfolio, shipment, shipping_manifest, tm_product_cp, tm_global_cp, tm_template_cp, tm_lookuptable_cp'  data-offset='0'  data-container_links='active'  data-link_dest=''  data-lightbox_text=''  data-container_class='av-masonry-entries'  data-auto_ratio='1.7'  data-set_breadcrumb='1'  data-custom_markup=''  data-taxonomy='category'  data-categories='477'  data-avno='b4e4288c3a'>Charger plus<\/a><\/div>","protected":false},"excerpt":{"rendered":"<p>Ich bin davon ausgegangen, dass Piper ein lateinisches Wort sei. Die R\u00f6mer hatten bereits Pfeffer verwendet, das weiss ich sp\u00e4testens aus den Lekt\u00fcren meiner Gymnasialzeit. Es w\u00fcrde ja durchaus passen, dass die Verwendung von Pfeffer, wie so vieles, mit der r\u00f6mischen Kultur Verbreitung gefunden hatte. Das lateinische Wort Piper passt sich dann den verschiedenen Sprachen [&hellip;]<\/p>\n","protected":false},"author":1,"featured_media":3290,"comment_status":"closed","ping_status":"closed","sticky":false,"template":"","format":"standard","meta":{"footnotes":""},"categories":[477],"tags":[],"class_list":["post-3319","post","type-post","status-publish","format-standard","has-post-thumbnail","hentry","category-expedition-ins-pfefferland"],"yoast_head":"<!-- This site is optimized with the Yoast SEO plugin v27.5 - https:\/\/yoast.com\/product\/yoast-seo-wordpress\/ -->\n<title>Teil 3: Mit dem Latein am Ende - Raffinessen<\/title>\n<meta name=\"robots\" content=\"index, follow, max-snippet:-1, max-image-preview:large, max-video-preview:-1\" \/>\n<link rel=\"canonical\" href=\"https:\/\/www.raffinessen.ch\/fr\/teil-3-mit-dem-latein-am-ende\/\" \/>\n<meta property=\"og:locale\" content=\"fr_FR\" \/>\n<meta property=\"og:type\" content=\"article\" \/>\n<meta property=\"og:title\" content=\"Teil 3: Mit dem Latein am Ende - Raffinessen\" \/>\n<meta property=\"og:description\" content=\"Ich bin davon ausgegangen, dass Piper ein lateinisches Wort sei. Die R\u00f6mer hatten bereits Pfeffer verwendet, das weiss ich sp\u00e4testens aus den Lekt\u00fcren meiner Gymnasialzeit. Es w\u00fcrde ja durchaus passen, dass die Verwendung von Pfeffer, wie so vieles, mit der r\u00f6mischen Kultur Verbreitung gefunden hatte. Das lateinische Wort Piper passt sich dann den verschiedenen Sprachen [&hellip;]\" \/>\n<meta property=\"og:url\" content=\"https:\/\/www.raffinessen.ch\/fr\/teil-3-mit-dem-latein-am-ende\/\" \/>\n<meta property=\"og:site_name\" content=\"Raffinessen\" \/>\n<meta property=\"article:published_time\" content=\"2018-05-24T13:37:20+00:00\" \/>\n<meta property=\"article:modified_time\" content=\"2018-06-06T13:42:29+00:00\" \/>\n<meta property=\"og:image\" content=\"https:\/\/www.raffinessen.ch\/webseite\/wp-content\/uploads\/2018\/05\/map-of-the-world-429784_1920.jpg\" \/>\n\t<meta property=\"og:image:width\" content=\"1920\" \/>\n\t<meta property=\"og:image:height\" content=\"1280\" \/>\n\t<meta property=\"og:image:type\" content=\"image\/jpeg\" \/>\n<meta name=\"author\" content=\"Autor\" \/>\n<meta name=\"twitter:card\" content=\"summary_large_image\" \/>\n<meta name=\"twitter:label1\" content=\"\u00c9crit par\" \/>\n\t<meta name=\"twitter:data1\" content=\"Autor\" \/>\n\t<meta name=\"twitter:label2\" content=\"Dur\u00e9e de lecture estim\u00e9e\" \/>\n\t<meta name=\"twitter:data2\" content=\"2 minutes\" \/>\n<script type=\"application\/ld+json\" class=\"yoast-schema-graph\">{\"@context\":\"https:\\\/\\\/schema.org\",\"@graph\":[{\"@type\":\"Article\",\"@id\":\"https:\\\/\\\/www.raffinessen.ch\\\/teil-3-mit-dem-latein-am-ende\\\/#article\",\"isPartOf\":{\"@id\":\"https:\\\/\\\/www.raffinessen.ch\\\/teil-3-mit-dem-latein-am-ende\\\/\"},\"author\":{\"name\":\"Autor\",\"@id\":\"https:\\\/\\\/www.raffinessen.ch\\\/#\\\/schema\\\/person\\\/778a79aef22b71e0b7c69a26be6b92e8\"},\"headline\":\"Teil 3: Mit dem Latein am Ende\",\"datePublished\":\"2018-05-24T13:37:20+00:00\",\"dateModified\":\"2018-06-06T13:42:29+00:00\",\"mainEntityOfPage\":{\"@id\":\"https:\\\/\\\/www.raffinessen.ch\\\/teil-3-mit-dem-latein-am-ende\\\/\"},\"wordCount\":428,\"image\":{\"@id\":\"https:\\\/\\\/www.raffinessen.ch\\\/teil-3-mit-dem-latein-am-ende\\\/#primaryimage\"},\"thumbnailUrl\":\"https:\\\/\\\/www.raffinessen.ch\\\/webseite\\\/wp-content\\\/uploads\\\/2018\\\/05\\\/map-of-the-world-429784_1920.jpg\",\"articleSection\":[\"Expedition ins Pfefferland\"],\"inLanguage\":\"fr-FR\"},{\"@type\":\"WebPage\",\"@id\":\"https:\\\/\\\/www.raffinessen.ch\\\/teil-3-mit-dem-latein-am-ende\\\/\",\"url\":\"https:\\\/\\\/www.raffinessen.ch\\\/teil-3-mit-dem-latein-am-ende\\\/\",\"name\":\"Teil 3: Mit dem Latein am Ende - Raffinessen\",\"isPartOf\":{\"@id\":\"https:\\\/\\\/www.raffinessen.ch\\\/#website\"},\"primaryImageOfPage\":{\"@id\":\"https:\\\/\\\/www.raffinessen.ch\\\/teil-3-mit-dem-latein-am-ende\\\/#primaryimage\"},\"image\":{\"@id\":\"https:\\\/\\\/www.raffinessen.ch\\\/teil-3-mit-dem-latein-am-ende\\\/#primaryimage\"},\"thumbnailUrl\":\"https:\\\/\\\/www.raffinessen.ch\\\/webseite\\\/wp-content\\\/uploads\\\/2018\\\/05\\\/map-of-the-world-429784_1920.jpg\",\"datePublished\":\"2018-05-24T13:37:20+00:00\",\"dateModified\":\"2018-06-06T13:42:29+00:00\",\"author\":{\"@id\":\"https:\\\/\\\/www.raffinessen.ch\\\/#\\\/schema\\\/person\\\/778a79aef22b71e0b7c69a26be6b92e8\"},\"breadcrumb\":{\"@id\":\"https:\\\/\\\/www.raffinessen.ch\\\/teil-3-mit-dem-latein-am-ende\\\/#breadcrumb\"},\"inLanguage\":\"fr-FR\",\"potentialAction\":[{\"@type\":\"ReadAction\",\"target\":[\"https:\\\/\\\/www.raffinessen.ch\\\/teil-3-mit-dem-latein-am-ende\\\/\"]}]},{\"@type\":\"ImageObject\",\"inLanguage\":\"fr-FR\",\"@id\":\"https:\\\/\\\/www.raffinessen.ch\\\/teil-3-mit-dem-latein-am-ende\\\/#primaryimage\",\"url\":\"https:\\\/\\\/www.raffinessen.ch\\\/webseite\\\/wp-content\\\/uploads\\\/2018\\\/05\\\/map-of-the-world-429784_1920.jpg\",\"contentUrl\":\"https:\\\/\\\/www.raffinessen.ch\\\/webseite\\\/wp-content\\\/uploads\\\/2018\\\/05\\\/map-of-the-world-429784_1920.jpg\",\"width\":1920,\"height\":1280},{\"@type\":\"BreadcrumbList\",\"@id\":\"https:\\\/\\\/www.raffinessen.ch\\\/teil-3-mit-dem-latein-am-ende\\\/#breadcrumb\",\"itemListElement\":[{\"@type\":\"ListItem\",\"position\":1,\"name\":\"Home\",\"item\":\"https:\\\/\\\/www.raffinessen.ch\\\/\"},{\"@type\":\"ListItem\",\"position\":2,\"name\":\"Teil 3: Mit dem Latein am Ende\"}]},{\"@type\":\"WebSite\",\"@id\":\"https:\\\/\\\/www.raffinessen.ch\\\/#website\",\"url\":\"https:\\\/\\\/www.raffinessen.ch\\\/\",\"name\":\"Raffinessen\",\"description\":\"roter und schwarzer Kampot Pfeffer - Gew\u00fcrze\",\"potentialAction\":[{\"@type\":\"SearchAction\",\"target\":{\"@type\":\"EntryPoint\",\"urlTemplate\":\"https:\\\/\\\/www.raffinessen.ch\\\/?s={search_term_string}\"},\"query-input\":{\"@type\":\"PropertyValueSpecification\",\"valueRequired\":true,\"valueName\":\"search_term_string\"}}],\"inLanguage\":\"fr-FR\"},{\"@type\":\"Person\",\"@id\":\"https:\\\/\\\/www.raffinessen.ch\\\/#\\\/schema\\\/person\\\/778a79aef22b71e0b7c69a26be6b92e8\",\"name\":\"Autor\",\"image\":{\"@type\":\"ImageObject\",\"inLanguage\":\"fr-FR\",\"@id\":\"https:\\\/\\\/secure.gravatar.com\\\/avatar\\\/5ac208422f20c3215f4431af57cabcd0ccf1209f5ba1e1c9388f51d4c76138a4?s=96&d=mm&r=g\",\"url\":\"https:\\\/\\\/secure.gravatar.com\\\/avatar\\\/5ac208422f20c3215f4431af57cabcd0ccf1209f5ba1e1c9388f51d4c76138a4?s=96&d=mm&r=g\",\"contentUrl\":\"https:\\\/\\\/secure.gravatar.com\\\/avatar\\\/5ac208422f20c3215f4431af57cabcd0ccf1209f5ba1e1c9388f51d4c76138a4?s=96&d=mm&r=g\",\"caption\":\"Autor\"},\"url\":\"https:\\\/\\\/www.raffinessen.ch\\\/fr\\\/author\\\/matthias\\\/\"}]}<\/script>\n<!-- \/ Yoast SEO plugin. -->","yoast_head_json":{"title":"Teil 3: Mit dem Latein am Ende - Raffinessen","robots":{"index":"index","follow":"follow","max-snippet":"max-snippet:-1","max-image-preview":"max-image-preview:large","max-video-preview":"max-video-preview:-1"},"canonical":"https:\/\/www.raffinessen.ch\/fr\/teil-3-mit-dem-latein-am-ende\/","og_locale":"fr_FR","og_type":"article","og_title":"Teil 3: Mit dem Latein am Ende - Raffinessen","og_description":"Ich bin davon ausgegangen, dass Piper ein lateinisches Wort sei. Die R\u00f6mer hatten bereits Pfeffer verwendet, das weiss ich sp\u00e4testens aus den Lekt\u00fcren meiner Gymnasialzeit. Es w\u00fcrde ja durchaus passen, dass die Verwendung von Pfeffer, wie so vieles, mit der r\u00f6mischen Kultur Verbreitung gefunden hatte. Das lateinische Wort Piper passt sich dann den verschiedenen Sprachen [&hellip;]","og_url":"https:\/\/www.raffinessen.ch\/fr\/teil-3-mit-dem-latein-am-ende\/","og_site_name":"Raffinessen","article_published_time":"2018-05-24T13:37:20+00:00","article_modified_time":"2018-06-06T13:42:29+00:00","og_image":[{"width":1920,"height":1280,"url":"https:\/\/www.raffinessen.ch\/webseite\/wp-content\/uploads\/2018\/05\/map-of-the-world-429784_1920.jpg","type":"image\/jpeg"}],"author":"Autor","twitter_card":"summary_large_image","twitter_misc":{"\u00c9crit par":"Autor","Dur\u00e9e de lecture estim\u00e9e":"2 minutes"},"schema":{"@context":"https:\/\/schema.org","@graph":[{"@type":"Article","@id":"https:\/\/www.raffinessen.ch\/teil-3-mit-dem-latein-am-ende\/#article","isPartOf":{"@id":"https:\/\/www.raffinessen.ch\/teil-3-mit-dem-latein-am-ende\/"},"author":{"name":"Autor","@id":"https:\/\/www.raffinessen.ch\/#\/schema\/person\/778a79aef22b71e0b7c69a26be6b92e8"},"headline":"Teil 3: Mit dem Latein am Ende","datePublished":"2018-05-24T13:37:20+00:00","dateModified":"2018-06-06T13:42:29+00:00","mainEntityOfPage":{"@id":"https:\/\/www.raffinessen.ch\/teil-3-mit-dem-latein-am-ende\/"},"wordCount":428,"image":{"@id":"https:\/\/www.raffinessen.ch\/teil-3-mit-dem-latein-am-ende\/#primaryimage"},"thumbnailUrl":"https:\/\/www.raffinessen.ch\/webseite\/wp-content\/uploads\/2018\/05\/map-of-the-world-429784_1920.jpg","articleSection":["Expedition ins Pfefferland"],"inLanguage":"fr-FR"},{"@type":"WebPage","@id":"https:\/\/www.raffinessen.ch\/teil-3-mit-dem-latein-am-ende\/","url":"https:\/\/www.raffinessen.ch\/teil-3-mit-dem-latein-am-ende\/","name":"Teil 3: Mit dem Latein am Ende - Raffinessen","isPartOf":{"@id":"https:\/\/www.raffinessen.ch\/#website"},"primaryImageOfPage":{"@id":"https:\/\/www.raffinessen.ch\/teil-3-mit-dem-latein-am-ende\/#primaryimage"},"image":{"@id":"https:\/\/www.raffinessen.ch\/teil-3-mit-dem-latein-am-ende\/#primaryimage"},"thumbnailUrl":"https:\/\/www.raffinessen.ch\/webseite\/wp-content\/uploads\/2018\/05\/map-of-the-world-429784_1920.jpg","datePublished":"2018-05-24T13:37:20+00:00","dateModified":"2018-06-06T13:42:29+00:00","author":{"@id":"https:\/\/www.raffinessen.ch\/#\/schema\/person\/778a79aef22b71e0b7c69a26be6b92e8"},"breadcrumb":{"@id":"https:\/\/www.raffinessen.ch\/teil-3-mit-dem-latein-am-ende\/#breadcrumb"},"inLanguage":"fr-FR","potentialAction":[{"@type":"ReadAction","target":["https:\/\/www.raffinessen.ch\/teil-3-mit-dem-latein-am-ende\/"]}]},{"@type":"ImageObject","inLanguage":"fr-FR","@id":"https:\/\/www.raffinessen.ch\/teil-3-mit-dem-latein-am-ende\/#primaryimage","url":"https:\/\/www.raffinessen.ch\/webseite\/wp-content\/uploads\/2018\/05\/map-of-the-world-429784_1920.jpg","contentUrl":"https:\/\/www.raffinessen.ch\/webseite\/wp-content\/uploads\/2018\/05\/map-of-the-world-429784_1920.jpg","width":1920,"height":1280},{"@type":"BreadcrumbList","@id":"https:\/\/www.raffinessen.ch\/teil-3-mit-dem-latein-am-ende\/#breadcrumb","itemListElement":[{"@type":"ListItem","position":1,"name":"Home","item":"https:\/\/www.raffinessen.ch\/"},{"@type":"ListItem","position":2,"name":"Teil 3: Mit dem Latein am Ende"}]},{"@type":"WebSite","@id":"https:\/\/www.raffinessen.ch\/#website","url":"https:\/\/www.raffinessen.ch\/","name":"Raffinements","description":"poivre de Kampot rouge et noir - \u00e9pices","potentialAction":[{"@type":"SearchAction","target":{"@type":"EntryPoint","urlTemplate":"https:\/\/www.raffinessen.ch\/?s={search_term_string}"},"query-input":{"@type":"PropertyValueSpecification","valueRequired":true,"valueName":"search_term_string"}}],"inLanguage":"fr-FR"},{"@type":"Person","@id":"https:\/\/www.raffinessen.ch\/#\/schema\/person\/778a79aef22b71e0b7c69a26be6b92e8","name":"Auteur","image":{"@type":"ImageObject","inLanguage":"fr-FR","@id":"https:\/\/secure.gravatar.com\/avatar\/5ac208422f20c3215f4431af57cabcd0ccf1209f5ba1e1c9388f51d4c76138a4?s=96&d=mm&r=g","url":"https:\/\/secure.gravatar.com\/avatar\/5ac208422f20c3215f4431af57cabcd0ccf1209f5ba1e1c9388f51d4c76138a4?s=96&d=mm&r=g","contentUrl":"https:\/\/secure.gravatar.com\/avatar\/5ac208422f20c3215f4431af57cabcd0ccf1209f5ba1e1c9388f51d4c76138a4?s=96&d=mm&r=g","caption":"Autor"},"url":"https:\/\/www.raffinessen.ch\/fr\/author\/matthias\/"}]}},"_links":{"self":[{"href":"https:\/\/www.raffinessen.ch\/fr\/wp-json\/wp\/v2\/posts\/3319","targetHints":{"allow":["GET"]}}],"collection":[{"href":"https:\/\/www.raffinessen.ch\/fr\/wp-json\/wp\/v2\/posts"}],"about":[{"href":"https:\/\/www.raffinessen.ch\/fr\/wp-json\/wp\/v2\/types\/post"}],"author":[{"embeddable":true,"href":"https:\/\/www.raffinessen.ch\/fr\/wp-json\/wp\/v2\/users\/1"}],"replies":[{"embeddable":true,"href":"https:\/\/www.raffinessen.ch\/fr\/wp-json\/wp\/v2\/comments?post=3319"}],"version-history":[{"count":0,"href":"https:\/\/www.raffinessen.ch\/fr\/wp-json\/wp\/v2\/posts\/3319\/revisions"}],"wp:featuredmedia":[{"embeddable":true,"href":"https:\/\/www.raffinessen.ch\/fr\/wp-json\/wp\/v2\/media\/3290"}],"wp:attachment":[{"href":"https:\/\/www.raffinessen.ch\/fr\/wp-json\/wp\/v2\/media?parent=3319"}],"wp:term":[{"taxonomy":"category","embeddable":true,"href":"https:\/\/www.raffinessen.ch\/fr\/wp-json\/wp\/v2\/categories?post=3319"},{"taxonomy":"post_tag","embeddable":true,"href":"https:\/\/www.raffinessen.ch\/fr\/wp-json\/wp\/v2\/tags?post=3319"}],"curies":[{"name":"wp","href":"https:\/\/api.w.org\/{rel}","templated":true}]}}