{"id":3232,"date":"2018-05-22T15:00:35","date_gmt":"2018-05-22T13:00:35","guid":{"rendered":"https:\/\/raffinessen.ch\/webseite\/?p=3232"},"modified":"2018-05-22T16:02:52","modified_gmt":"2018-05-22T14:02:52","slug":"besuch-unserer-pfefferfarm-2018","status":"publish","type":"post","link":"https:\/\/www.raffinessen.ch\/fr\/besuch-unserer-pfefferfarm-2018\/","title":{"rendered":"Visite de notre ferme poivri\u00e8re 2018"},"content":{"rendered":"<p>C'est un grand plaisir de retourner chaque ann\u00e9e au Cambodge, \u00e0 la ferme de poivre, de saluer des visages connus et d'observer comment la ferme a chang\u00e9.<\/p>\n<p>Nous voulons nous am\u00e9liorer chaque ann\u00e9e, tout en faisant progresser les connaissances des collaborateurs et l'infrastructure. Le syst\u00e8me de goutte-\u00e0-goutte fonctionne, les plantes sont saines et le sol est fertile. C'est pourquoi nous nous concentrons cette ann\u00e9e sur l'optimisation des \u00e9tapes du processus qui suivent la r\u00e9colte des fruits du poivrier.<\/p>\n<p>Lorsque les panicules sont r\u00e9colt\u00e9es, les baies rouges et les baies jaune-verd\u00e2tre sont s\u00e9par\u00e9es. Le blanchiment permet de nettoyer les fruits et d'enclencher le processus de fermentation. Pour obtenir le meilleur ar\u00f4me possible et une belle couleur, le temps et la temp\u00e9rature de ce processus doivent \u00eatre optimis\u00e9s. Des comparaisons avec d'autres fermes de poivre et diff\u00e9rents essais personnels nous ont apport\u00e9 de nouvelles connaissances et nous aident \u00e0 am\u00e9liorer encore le poivre.<\/p>\n<p>Avec le changement climatique, les pluies sont \u00e9galement plus fr\u00e9quentes pendant la saison s\u00e8che. Celles-ci perturbent le processus de s\u00e9chage et il est tr\u00e8s laborieux de d\u00e9placer le poivre dans l'abri. Afin d'\u00e9viter une baisse de la qualit\u00e9 et de faciliter le travail des collaborateurs, des tunnels de s\u00e9chage simples sont actuellement mis en place. Le soleil r\u00e9chauffe l'installation recouverte d'un film plastique et l'air chaud est souffl\u00e9 \u00e0 travers les tunnels par des ventilateurs fonctionnant \u00e0 l'\u00e9nergie solaire.<\/p>\n<p>Ces installations de s\u00e9chage deviennent particuli\u00e8rement importantes vers la fin de la saison s\u00e8che. Cela s'explique par le fait que cette ann\u00e9e, les fruits du poivre ont certes pouss\u00e9 en grand nombre, mais que les fleurs de poivre n'ont commenc\u00e9 \u00e0 porter des fruits que tardivement. Il faut environ 8 mois pour qu'un fruit de poivre atteigne sa pleine maturit\u00e9. Comme nous voulons r\u00e9colter le plus de poivre de Kampot rouge possible, nous laissons nos fruits m\u00fbrir longtemps. Les tunnels de s\u00e9chage nous aident ensuite \u00e0 s\u00e9cher toute la r\u00e9colte \u00e0 temps, avant le d\u00e9but de la saison des pluies. Toutes les parcelles doivent \u00eatre r\u00e9colt\u00e9es au plus tard \u00e0 la fin du mois de juin, afin que les plantes aient suffisamment de temps pour r\u00e9cup\u00e9rer et reprendre des forces pour le prochain cycle.<\/p>\n<p>D\u00e8s que le poivre a atteint le degr\u00e9 de s\u00e9chage souhait\u00e9, il est \u00e0 nouveau finement tri\u00e9, puis emball\u00e9 dans des sachets aromatiques de 2 kg, \u00e0 l'abri de l'air et de la lumi\u00e8re. Pour obtenir l'autorisation d'exportation, nous envoyons un \u00e9chantillon repr\u00e9sentatif de notre poivre au laboratoire accr\u00e9dit\u00e9 de T\u00dcV Rheinland au Vietnam. Le poivre y est analys\u00e9 pour d\u00e9terminer la pr\u00e9sence de germes et les valeurs de mycotoxines.<\/p>\n<p>Pour terminer notre visite, nous avons partag\u00e9 un barbecue avec nos collaborateurs et nos familles sur la plantation. Les d\u00e9licieux plats aromatiques et parfum\u00e9s \u00e9taient fra\u00eechement pr\u00e9par\u00e9s. Beaucoup de l\u00e9gumes, de fruits et d'\u00e9pices utilis\u00e9s ont pouss\u00e9 sur notre exploitation et m\u00eame le poulet r\u00f4ti se promenait encore librement quelques heures auparavant. Nous nous sommes install\u00e9s confortablement sur une couverture de pique-nique et avons trinqu\u00e9 \u00e0 une soir\u00e9e r\u00e9ussie.<\/p>\n<p>De retour en Suisse, heureux et satisfaits, nous sommes impatients de recevoir la nouvelle r\u00e9colte chez nous, afin de pouvoir \u00e0 nouveau vous fournir le meilleur poivre mill\u00e9sim\u00e9. <strong><a href=\"https:\/\/www.raffinessen.ch\/fr\/webseite\/categorie-produit\/pfeffer-investment\/\">Pr\u00e9commandes<\/a><\/strong> sont possibles d\u00e8s maintenant dans notre boutique !<\/p>\n<p>Nous avons l'intention de publier r\u00e9guli\u00e8rement sur notre blog des informations sur l'actualit\u00e9 de la ferme et de mettre en ligne de belles impressions. Cela vaut la peine d'y jeter un coup d'\u0153il : <a href=\"https:\/\/www.raffinessen.ch\/fr\/webseite\/der-blog\/\">www.goutduterroir.com\/der-blog<\/a><\/p>\n<p>Meilleures salutations<br \/>\nVotre \u00e9quipe Raffinements<\/p>\n<div id='av-masonry-1' class='av-masonry av-2ygdgg-36b8748dfa1053500602490d16e8b104 noHover av-flex-size av-1px-gap av-hover-overlay- av-masonry-animation-active av-masonry-col-2 av-caption-always av-caption-style- av-masonry-gallery' data-post_id=\"3232\"><div class=\"av-masonry-container isotope av-js-disabled\"><div class='av-masonry-entry isotope-item av-masonry-item-no-image'><\/div><a href=\"https:\/\/www.raffinessen.ch\/webseite\/wp-content\/uploads\/2018\/05\/Titelbild_Mitarbeitende2-1030x687.jpg\" data-srcset=\"https:\/\/www.raffinessen.ch\/webseite\/wp-content\/uploads\/2018\/05\/Titelbild_Mitarbeitende2-1030x687.jpg 1030w, https:\/\/www.raffinessen.ch\/webseite\/wp-content\/uploads\/2018\/05\/Titelbild_Mitarbeitende2-1000x667.jpg 1000w, https:\/\/www.raffinessen.ch\/webseite\/wp-content\/uploads\/2018\/05\/Titelbild_Mitarbeitende2-300x200.jpg 300w, https:\/\/www.raffinessen.ch\/webseite\/wp-content\/uploads\/2018\/05\/Titelbild_Mitarbeitende2-768x513.jpg 768w, https:\/\/www.raffinessen.ch\/webseite\/wp-content\/uploads\/2018\/05\/Titelbild_Mitarbeitende2-1500x1001.jpg 1500w, https:\/\/www.raffinessen.ch\/webseite\/wp-content\/uploads\/2018\/05\/Titelbild_Mitarbeitende2-705x470.jpg 705w\" data-sizes=\"(max-width: 1030px) 100vw, 1030px\"  aria-label=\"image Titelbild_Mitarbeitende2\"  id='av-masonry-1-item-3252' data-av-masonry-item='3252' class='av-masonry-entry isotope-item post-3252 attachment type-attachment status-inherit hentry  av-masonry-item-with-image' title=\"Photo de couverture_Collaborateurs2\" alt=\"\"    itemprop=\"thumbnailUrl\" ><div class='av-inner-masonry-sizer'><\/div><figure class='av-inner-masonry main_color'><div class=\"av-masonry-outerimage-container\"><div class='av-masonry-image-container'  ><img decoding=\"async\" width=\"705\" height=\"470\" fetchpriority=\"high\" class=\"wp-image-3252 avia-img-lazy-loading-not-3252\"  src=\"https:\/\/www.raffinessen.ch\/webseite\/wp-content\/uploads\/2018\/05\/Titelbild_Mitarbeitende2-705x470.jpg\" title=\"Photo de couverture_Collaborateurs2\" alt=\"\" srcset=\"https:\/\/www.raffinessen.ch\/webseite\/wp-content\/uploads\/2018\/05\/Titelbild_Mitarbeitende2-705x470.jpg 705w, https:\/\/www.raffinessen.ch\/webseite\/wp-content\/uploads\/2018\/05\/Titelbild_Mitarbeitende2-1000x667.jpg 1000w, https:\/\/www.raffinessen.ch\/webseite\/wp-content\/uploads\/2018\/05\/Titelbild_Mitarbeitende2-300x200.jpg 300w, https:\/\/www.raffinessen.ch\/webseite\/wp-content\/uploads\/2018\/05\/Titelbild_Mitarbeitende2-768x513.jpg 768w, https:\/\/www.raffinessen.ch\/webseite\/wp-content\/uploads\/2018\/05\/Titelbild_Mitarbeitende2-1030x687.jpg 1030w, https:\/\/www.raffinessen.ch\/webseite\/wp-content\/uploads\/2018\/05\/Titelbild_Mitarbeitende2-1500x1001.jpg 1500w\" sizes=\"(max-width: 705px) 100vw, 705px\" \/><\/div><\/div><\/figure><\/a><!--end av-masonry entry--><a href=\"https:\/\/www.raffinessen.ch\/webseite\/wp-content\/uploads\/2018\/05\/Sokhom-auf-der-Plantage-1030x687.jpg\" data-srcset=\"https:\/\/www.raffinessen.ch\/webseite\/wp-content\/uploads\/2018\/05\/Sokhom-auf-der-Plantage-1030x687.jpg 1030w, https:\/\/www.raffinessen.ch\/webseite\/wp-content\/uploads\/2018\/05\/Sokhom-auf-der-Plantage-1000x667.jpg 1000w, https:\/\/www.raffinessen.ch\/webseite\/wp-content\/uploads\/2018\/05\/Sokhom-auf-der-Plantage-300x200.jpg 300w, https:\/\/www.raffinessen.ch\/webseite\/wp-content\/uploads\/2018\/05\/Sokhom-auf-der-Plantage-768x512.jpg 768w, https:\/\/www.raffinessen.ch\/webseite\/wp-content\/uploads\/2018\/05\/Sokhom-auf-der-Plantage-1500x1000.jpg 1500w, https:\/\/www.raffinessen.ch\/webseite\/wp-content\/uploads\/2018\/05\/Sokhom-auf-der-Plantage-705x470.jpg 705w\" data-sizes=\"(max-width: 1030px) 100vw, 1030px\"  aria-label=\"image Sokhom auf der Plantage\"  id='av-masonry-1-item-3251' data-av-masonry-item='3251' class='av-masonry-entry isotope-item post-3251 attachment type-attachment status-inherit hentry  av-masonry-item-with-image' title=\"Sokhom sur la plantation\" alt=\"\"    itemprop=\"thumbnailUrl\" ><div class='av-inner-masonry-sizer'><\/div><figure class='av-inner-masonry main_color'><div class=\"av-masonry-outerimage-container\"><div class='av-masonry-image-container'  ><img decoding=\"async\" width=\"705\" height=\"470\" fetchpriority=\"high\" class=\"wp-image-3251 avia-img-lazy-loading-not-3251\"  src=\"https:\/\/www.raffinessen.ch\/webseite\/wp-content\/uploads\/2018\/05\/Sokhom-auf-der-Plantage-705x470.jpg\" title=\"Sokhom sur la plantation\" alt=\"\" srcset=\"https:\/\/www.raffinessen.ch\/webseite\/wp-content\/uploads\/2018\/05\/Sokhom-auf-der-Plantage-705x470.jpg 705w, https:\/\/www.raffinessen.ch\/webseite\/wp-content\/uploads\/2018\/05\/Sokhom-auf-der-Plantage-1000x667.jpg 1000w, https:\/\/www.raffinessen.ch\/webseite\/wp-content\/uploads\/2018\/05\/Sokhom-auf-der-Plantage-300x200.jpg 300w, https:\/\/www.raffinessen.ch\/webseite\/wp-content\/uploads\/2018\/05\/Sokhom-auf-der-Plantage-768x512.jpg 768w, https:\/\/www.raffinessen.ch\/webseite\/wp-content\/uploads\/2018\/05\/Sokhom-auf-der-Plantage-1030x687.jpg 1030w, https:\/\/www.raffinessen.ch\/webseite\/wp-content\/uploads\/2018\/05\/Sokhom-auf-der-Plantage-1500x1000.jpg 1500w\" sizes=\"(max-width: 705px) 100vw, 705px\" \/><\/div><\/div><\/figure><\/a><!--end av-masonry entry--><a href=\"https:\/\/www.raffinessen.ch\/webseite\/wp-content\/uploads\/2018\/05\/Roter-Kampot-Korb-1030x687.jpg\" data-srcset=\"https:\/\/www.raffinessen.ch\/webseite\/wp-content\/uploads\/2018\/05\/Roter-Kampot-Korb-1030x687.jpg 1030w, https:\/\/www.raffinessen.ch\/webseite\/wp-content\/uploads\/2018\/05\/Roter-Kampot-Korb-1000x667.jpg 1000w, https:\/\/www.raffinessen.ch\/webseite\/wp-content\/uploads\/2018\/05\/Roter-Kampot-Korb-300x200.jpg 300w, https:\/\/www.raffinessen.ch\/webseite\/wp-content\/uploads\/2018\/05\/Roter-Kampot-Korb-768x512.jpg 768w, https:\/\/www.raffinessen.ch\/webseite\/wp-content\/uploads\/2018\/05\/Roter-Kampot-Korb-1500x1000.jpg 1500w, https:\/\/www.raffinessen.ch\/webseite\/wp-content\/uploads\/2018\/05\/Roter-Kampot-Korb-705x470.jpg 705w\" data-sizes=\"(max-width: 1030px) 100vw, 1030px\"  aria-label=\"image Roter Kampot Korb\"  id='av-masonry-1-item-3250' data-av-masonry-item='3250' class='av-masonry-entry isotope-item post-3250 attachment type-attachment status-inherit hentry  av-masonry-item-with-image' title=\"Panier rouge de Kampot\" alt=\"\"    itemprop=\"thumbnailUrl\" ><div class='av-inner-masonry-sizer'><\/div><figure class='av-inner-masonry main_color'><div class=\"av-masonry-outerimage-container\"><div class='av-masonry-image-container'  ><img decoding=\"async\" width=\"705\" height=\"470\" fetchpriority=\"high\" class=\"wp-image-3250 avia-img-lazy-loading-not-3250\"  src=\"https:\/\/www.raffinessen.ch\/webseite\/wp-content\/uploads\/2018\/05\/Roter-Kampot-Korb-705x470.jpg\" title=\"Panier rouge de Kampot\" alt=\"\" srcset=\"https:\/\/www.raffinessen.ch\/webseite\/wp-content\/uploads\/2018\/05\/Roter-Kampot-Korb-705x470.jpg 705w, https:\/\/www.raffinessen.ch\/webseite\/wp-content\/uploads\/2018\/05\/Roter-Kampot-Korb-1000x667.jpg 1000w, https:\/\/www.raffinessen.ch\/webseite\/wp-content\/uploads\/2018\/05\/Roter-Kampot-Korb-300x200.jpg 300w, https:\/\/www.raffinessen.ch\/webseite\/wp-content\/uploads\/2018\/05\/Roter-Kampot-Korb-768x512.jpg 768w, https:\/\/www.raffinessen.ch\/webseite\/wp-content\/uploads\/2018\/05\/Roter-Kampot-Korb-1030x687.jpg 1030w, https:\/\/www.raffinessen.ch\/webseite\/wp-content\/uploads\/2018\/05\/Roter-Kampot-Korb-1500x1000.jpg 1500w\" sizes=\"(max-width: 705px) 100vw, 705px\" \/><\/div><\/div><\/figure><\/a><!--end av-masonry entry--><a href=\"https:\/\/www.raffinessen.ch\/webseite\/wp-content\/uploads\/2018\/05\/Pfefferpflanze-1030x687.jpg\" data-srcset=\"https:\/\/www.raffinessen.ch\/webseite\/wp-content\/uploads\/2018\/05\/Pfefferpflanze-1030x687.jpg 1030w, https:\/\/www.raffinessen.ch\/webseite\/wp-content\/uploads\/2018\/05\/Pfefferpflanze-1000x667.jpg 1000w, https:\/\/www.raffinessen.ch\/webseite\/wp-content\/uploads\/2018\/05\/Pfefferpflanze-300x200.jpg 300w, https:\/\/www.raffinessen.ch\/webseite\/wp-content\/uploads\/2018\/05\/Pfefferpflanze-768x512.jpg 768w, https:\/\/www.raffinessen.ch\/webseite\/wp-content\/uploads\/2018\/05\/Pfefferpflanze-1500x1000.jpg 1500w, https:\/\/www.raffinessen.ch\/webseite\/wp-content\/uploads\/2018\/05\/Pfefferpflanze-705x470.jpg 705w\" data-sizes=\"(max-width: 1030px) 100vw, 1030px\"  aria-label=\"image Pfefferpflanze\"  id='av-masonry-1-item-3249' data-av-masonry-item='3249' class='av-masonry-entry isotope-item post-3249 attachment type-attachment status-inherit hentry  av-masonry-item-with-image' title=\"Plante poivr\u00e9e\" alt=\"\"    itemprop=\"thumbnailUrl\" ><div class='av-inner-masonry-sizer'><\/div><figure class='av-inner-masonry main_color'><div class=\"av-masonry-outerimage-container\"><div class='av-masonry-image-container'  ><img decoding=\"async\" width=\"705\" height=\"470\" fetchpriority=\"high\" class=\"wp-image-3249 avia-img-lazy-loading-not-3249\"  src=\"https:\/\/www.raffinessen.ch\/webseite\/wp-content\/uploads\/2018\/05\/Pfefferpflanze-705x470.jpg\" title=\"Plante poivr\u00e9e\" alt=\"\" srcset=\"https:\/\/www.raffinessen.ch\/webseite\/wp-content\/uploads\/2018\/05\/Pfefferpflanze-705x470.jpg 705w, https:\/\/www.raffinessen.ch\/webseite\/wp-content\/uploads\/2018\/05\/Pfefferpflanze-1000x667.jpg 1000w, https:\/\/www.raffinessen.ch\/webseite\/wp-content\/uploads\/2018\/05\/Pfefferpflanze-300x200.jpg 300w, https:\/\/www.raffinessen.ch\/webseite\/wp-content\/uploads\/2018\/05\/Pfefferpflanze-768x512.jpg 768w, https:\/\/www.raffinessen.ch\/webseite\/wp-content\/uploads\/2018\/05\/Pfefferpflanze-1030x687.jpg 1030w, https:\/\/www.raffinessen.ch\/webseite\/wp-content\/uploads\/2018\/05\/Pfefferpflanze-1500x1000.jpg 1500w\" sizes=\"(max-width: 705px) 100vw, 705px\" \/><\/div><\/div><\/figure><\/a><!--end av-masonry entry--><a href=\"https:\/\/www.raffinessen.ch\/webseite\/wp-content\/uploads\/2018\/05\/Pfeffer-trocknen-1030x687.jpg\" data-srcset=\"https:\/\/www.raffinessen.ch\/webseite\/wp-content\/uploads\/2018\/05\/Pfeffer-trocknen-1030x687.jpg 1030w, https:\/\/www.raffinessen.ch\/webseite\/wp-content\/uploads\/2018\/05\/Pfeffer-trocknen-1000x667.jpg 1000w, https:\/\/www.raffinessen.ch\/webseite\/wp-content\/uploads\/2018\/05\/Pfeffer-trocknen-300x200.jpg 300w, https:\/\/www.raffinessen.ch\/webseite\/wp-content\/uploads\/2018\/05\/Pfeffer-trocknen-768x512.jpg 768w, https:\/\/www.raffinessen.ch\/webseite\/wp-content\/uploads\/2018\/05\/Pfeffer-trocknen-1500x1000.jpg 1500w, https:\/\/www.raffinessen.ch\/webseite\/wp-content\/uploads\/2018\/05\/Pfeffer-trocknen-705x470.jpg 705w\" data-sizes=\"(max-width: 1030px) 100vw, 1030px\"  aria-label=\"image Pfeffer trocknen\"  id='av-masonry-1-item-3248' data-av-masonry-item='3248' class='av-masonry-entry isotope-item post-3248 attachment type-attachment status-inherit hentry  av-masonry-item-with-image' title=\"S\u00e9cher le poivre\" alt=\"\"    itemprop=\"thumbnailUrl\" ><div class='av-inner-masonry-sizer'><\/div><figure class='av-inner-masonry main_color'><div class=\"av-masonry-outerimage-container\"><div class='av-masonry-image-container'  ><img decoding=\"async\" width=\"705\" height=\"470\" fetchpriority=\"high\" class=\"wp-image-3248 avia-img-lazy-loading-not-3248\"  src=\"https:\/\/www.raffinessen.ch\/webseite\/wp-content\/uploads\/2018\/05\/Pfeffer-trocknen-705x470.jpg\" title=\"S\u00e9cher le poivre\" alt=\"\" srcset=\"https:\/\/www.raffinessen.ch\/webseite\/wp-content\/uploads\/2018\/05\/Pfeffer-trocknen-705x470.jpg 705w, https:\/\/www.raffinessen.ch\/webseite\/wp-content\/uploads\/2018\/05\/Pfeffer-trocknen-1000x667.jpg 1000w, https:\/\/www.raffinessen.ch\/webseite\/wp-content\/uploads\/2018\/05\/Pfeffer-trocknen-300x200.jpg 300w, https:\/\/www.raffinessen.ch\/webseite\/wp-content\/uploads\/2018\/05\/Pfeffer-trocknen-768x512.jpg 768w, https:\/\/www.raffinessen.ch\/webseite\/wp-content\/uploads\/2018\/05\/Pfeffer-trocknen-1030x687.jpg 1030w, https:\/\/www.raffinessen.ch\/webseite\/wp-content\/uploads\/2018\/05\/Pfeffer-trocknen-1500x1000.jpg 1500w\" sizes=\"(max-width: 705px) 100vw, 705px\" \/><\/div><\/div><\/figure><\/a><!--end av-masonry entry--><a href=\"https:\/\/www.raffinessen.ch\/webseite\/wp-content\/uploads\/2018\/05\/Ha\u0308nde-mit-Pfeffer-1030x687.jpg\" data-srcset=\"https:\/\/www.raffinessen.ch\/webseite\/wp-content\/uploads\/2018\/05\/Ha\u0308nde-mit-Pfeffer-1030x687.jpg 1030w, https:\/\/www.raffinessen.ch\/webseite\/wp-content\/uploads\/2018\/05\/Ha\u0308nde-mit-Pfeffer-1000x667.jpg 1000w, https:\/\/www.raffinessen.ch\/webseite\/wp-content\/uploads\/2018\/05\/Ha\u0308nde-mit-Pfeffer-300x200.jpg 300w, https:\/\/www.raffinessen.ch\/webseite\/wp-content\/uploads\/2018\/05\/Ha\u0308nde-mit-Pfeffer-768x512.jpg 768w, https:\/\/www.raffinessen.ch\/webseite\/wp-content\/uploads\/2018\/05\/Ha\u0308nde-mit-Pfeffer-1500x1000.jpg 1500w, https:\/\/www.raffinessen.ch\/webseite\/wp-content\/uploads\/2018\/05\/Ha\u0308nde-mit-Pfeffer-705x470.jpg 705w\" data-sizes=\"(max-width: 1030px) 100vw, 1030px\"  aria-label=\"image Ha\u0308nde mit Pfeffer\"  id='av-masonry-1-item-3245' data-av-masonry-item='3245' class='av-masonry-entry isotope-item post-3245 attachment type-attachment status-inherit hentry  av-masonry-item-with-image' title=\"Mains au poivre\" alt=\"\"    itemprop=\"thumbnailUrl\" ><div class='av-inner-masonry-sizer'><\/div><figure class='av-inner-masonry main_color'><div class=\"av-masonry-outerimage-container\"><div class='av-masonry-image-container'  ><img decoding=\"async\" width=\"705\" height=\"470\" fetchpriority=\"high\" class=\"wp-image-3245 avia-img-lazy-loading-not-3245\"  src=\"https:\/\/www.raffinessen.ch\/webseite\/wp-content\/uploads\/2018\/05\/Ha\u0308nde-mit-Pfeffer-705x470.jpg\" title=\"Mains au poivre\" alt=\"\" srcset=\"https:\/\/www.raffinessen.ch\/webseite\/wp-content\/uploads\/2018\/05\/Ha\u0308nde-mit-Pfeffer-705x470.jpg 705w, https:\/\/www.raffinessen.ch\/webseite\/wp-content\/uploads\/2018\/05\/Ha\u0308nde-mit-Pfeffer-1000x667.jpg 1000w, https:\/\/www.raffinessen.ch\/webseite\/wp-content\/uploads\/2018\/05\/Ha\u0308nde-mit-Pfeffer-300x200.jpg 300w, https:\/\/www.raffinessen.ch\/webseite\/wp-content\/uploads\/2018\/05\/Ha\u0308nde-mit-Pfeffer-768x512.jpg 768w, https:\/\/www.raffinessen.ch\/webseite\/wp-content\/uploads\/2018\/05\/Ha\u0308nde-mit-Pfeffer-1030x687.jpg 1030w, https:\/\/www.raffinessen.ch\/webseite\/wp-content\/uploads\/2018\/05\/Ha\u0308nde-mit-Pfeffer-1500x1000.jpg 1500w\" sizes=\"(max-width: 705px) 100vw, 705px\" \/><\/div><\/div><\/figure><\/a><!--end av-masonry entry--><a href=\"https:\/\/www.raffinessen.ch\/webseite\/wp-content\/uploads\/2018\/05\/Mitarbeitende-1030x687.jpg\" data-srcset=\"https:\/\/www.raffinessen.ch\/webseite\/wp-content\/uploads\/2018\/05\/Mitarbeitende-1030x687.jpg 1030w, https:\/\/www.raffinessen.ch\/webseite\/wp-content\/uploads\/2018\/05\/Mitarbeitende-1000x667.jpg 1000w, https:\/\/www.raffinessen.ch\/webseite\/wp-content\/uploads\/2018\/05\/Mitarbeitende-300x200.jpg 300w, https:\/\/www.raffinessen.ch\/webseite\/wp-content\/uploads\/2018\/05\/Mitarbeitende-768x512.jpg 768w, https:\/\/www.raffinessen.ch\/webseite\/wp-content\/uploads\/2018\/05\/Mitarbeitende-1500x1000.jpg 1500w, https:\/\/www.raffinessen.ch\/webseite\/wp-content\/uploads\/2018\/05\/Mitarbeitende-705x470.jpg 705w\" data-sizes=\"(max-width: 1030px) 100vw, 1030px\"  aria-label=\"image Mitarbeitende\"  id='av-masonry-1-item-3247' data-av-masonry-item='3247' class='av-masonry-entry isotope-item post-3247 attachment type-attachment status-inherit hentry  av-masonry-item-with-image' title=\"Collaborateurs\" alt=\"\"    itemprop=\"thumbnailUrl\" ><div class='av-inner-masonry-sizer'><\/div><figure class='av-inner-masonry main_color'><div class=\"av-masonry-outerimage-container\"><div class='av-masonry-image-container'  ><img decoding=\"async\" width=\"705\" height=\"470\" fetchpriority=\"high\" class=\"wp-image-3247 avia-img-lazy-loading-not-3247\"  src=\"https:\/\/www.raffinessen.ch\/webseite\/wp-content\/uploads\/2018\/05\/Mitarbeitende-705x470.jpg\" title=\"Collaborateurs\" alt=\"\" srcset=\"https:\/\/www.raffinessen.ch\/webseite\/wp-content\/uploads\/2018\/05\/Mitarbeitende-705x470.jpg 705w, https:\/\/www.raffinessen.ch\/webseite\/wp-content\/uploads\/2018\/05\/Mitarbeitende-1000x667.jpg 1000w, https:\/\/www.raffinessen.ch\/webseite\/wp-content\/uploads\/2018\/05\/Mitarbeitende-300x200.jpg 300w, https:\/\/www.raffinessen.ch\/webseite\/wp-content\/uploads\/2018\/05\/Mitarbeitende-768x512.jpg 768w, https:\/\/www.raffinessen.ch\/webseite\/wp-content\/uploads\/2018\/05\/Mitarbeitende-1030x687.jpg 1030w, https:\/\/www.raffinessen.ch\/webseite\/wp-content\/uploads\/2018\/05\/Mitarbeitende-1500x1000.jpg 1500w\" sizes=\"(max-width: 705px) 100vw, 705px\" \/><\/div><\/div><\/figure><\/a><!--end av-masonry entry--><a href=\"https:\/\/www.raffinessen.ch\/webseite\/wp-content\/uploads\/2018\/05\/Khom-und-Kusi-1030x687.jpg\" data-srcset=\"https:\/\/www.raffinessen.ch\/webseite\/wp-content\/uploads\/2018\/05\/Khom-und-Kusi-1030x687.jpg 1030w, https:\/\/www.raffinessen.ch\/webseite\/wp-content\/uploads\/2018\/05\/Khom-und-Kusi-1000x667.jpg 1000w, https:\/\/www.raffinessen.ch\/webseite\/wp-content\/uploads\/2018\/05\/Khom-und-Kusi-300x200.jpg 300w, https:\/\/www.raffinessen.ch\/webseite\/wp-content\/uploads\/2018\/05\/Khom-und-Kusi-768x512.jpg 768w, https:\/\/www.raffinessen.ch\/webseite\/wp-content\/uploads\/2018\/05\/Khom-und-Kusi-1500x1000.jpg 1500w, https:\/\/www.raffinessen.ch\/webseite\/wp-content\/uploads\/2018\/05\/Khom-und-Kusi-705x470.jpg 705w\" data-sizes=\"(max-width: 1030px) 100vw, 1030px\"  aria-label=\"image Khom und Kusi\"  id='av-masonry-1-item-3246' data-av-masonry-item='3246' class='av-masonry-entry isotope-item post-3246 attachment type-attachment status-inherit hentry  av-masonry-item-with-image' title=\"Khom et Kusi\" alt=\"\"    itemprop=\"thumbnailUrl\" ><div class='av-inner-masonry-sizer'><\/div><figure class='av-inner-masonry main_color'><div class=\"av-masonry-outerimage-container\"><div class='av-masonry-image-container'  ><img decoding=\"async\" width=\"705\" height=\"470\" fetchpriority=\"high\" class=\"wp-image-3246 avia-img-lazy-loading-not-3246\"  src=\"https:\/\/www.raffinessen.ch\/webseite\/wp-content\/uploads\/2018\/05\/Khom-und-Kusi-705x470.jpg\" title=\"Khom et Kusi\" alt=\"\" srcset=\"https:\/\/www.raffinessen.ch\/webseite\/wp-content\/uploads\/2018\/05\/Khom-und-Kusi-705x470.jpg 705w, https:\/\/www.raffinessen.ch\/webseite\/wp-content\/uploads\/2018\/05\/Khom-und-Kusi-1000x667.jpg 1000w, https:\/\/www.raffinessen.ch\/webseite\/wp-content\/uploads\/2018\/05\/Khom-und-Kusi-300x200.jpg 300w, https:\/\/www.raffinessen.ch\/webseite\/wp-content\/uploads\/2018\/05\/Khom-und-Kusi-768x512.jpg 768w, https:\/\/www.raffinessen.ch\/webseite\/wp-content\/uploads\/2018\/05\/Khom-und-Kusi-1030x687.jpg 1030w, https:\/\/www.raffinessen.ch\/webseite\/wp-content\/uploads\/2018\/05\/Khom-und-Kusi-1500x1000.jpg 1500w\" sizes=\"(max-width: 705px) 100vw, 705px\" \/><\/div><\/div><\/figure><\/a><!--end av-masonry entry--><a href=\"https:\/\/www.raffinessen.ch\/webseite\/wp-content\/uploads\/2018\/05\/Znacht-mit-den-Mitarbeitenden-1030x687.jpg\" data-srcset=\"https:\/\/www.raffinessen.ch\/webseite\/wp-content\/uploads\/2018\/05\/Znacht-mit-den-Mitarbeitenden-1030x687.jpg 1030w, https:\/\/www.raffinessen.ch\/webseite\/wp-content\/uploads\/2018\/05\/Znacht-mit-den-Mitarbeitenden-1000x667.jpg 1000w, https:\/\/www.raffinessen.ch\/webseite\/wp-content\/uploads\/2018\/05\/Znacht-mit-den-Mitarbeitenden-300x200.jpg 300w, https:\/\/www.raffinessen.ch\/webseite\/wp-content\/uploads\/2018\/05\/Znacht-mit-den-Mitarbeitenden-768x512.jpg 768w, https:\/\/www.raffinessen.ch\/webseite\/wp-content\/uploads\/2018\/05\/Znacht-mit-den-Mitarbeitenden-1500x1000.jpg 1500w, https:\/\/www.raffinessen.ch\/webseite\/wp-content\/uploads\/2018\/05\/Znacht-mit-den-Mitarbeitenden-705x470.jpg 705w\" data-sizes=\"(max-width: 1030px) 100vw, 1030px\"  aria-label=\"image Znacht mit den Mitarbeitenden\"  id='av-masonry-1-item-3253' data-av-masonry-item='3253' class='av-masonry-entry isotope-item post-3253 attachment type-attachment status-inherit hentry  av-masonry-item-with-image' title=\"D\u00eener avec les collaborateurs\" alt=\"\"    itemprop=\"thumbnailUrl\" ><div class='av-inner-masonry-sizer'><\/div><figure class='av-inner-masonry main_color'><div class=\"av-masonry-outerimage-container\"><div class='av-masonry-image-container'  ><img decoding=\"async\" width=\"705\" height=\"470\" fetchpriority=\"high\" class=\"wp-image-3253 avia-img-lazy-loading-not-3253\"  src=\"https:\/\/www.raffinessen.ch\/webseite\/wp-content\/uploads\/2018\/05\/Znacht-mit-den-Mitarbeitenden-705x470.jpg\" title=\"D\u00eener avec les collaborateurs\" alt=\"\" srcset=\"https:\/\/www.raffinessen.ch\/webseite\/wp-content\/uploads\/2018\/05\/Znacht-mit-den-Mitarbeitenden-705x470.jpg 705w, https:\/\/www.raffinessen.ch\/webseite\/wp-content\/uploads\/2018\/05\/Znacht-mit-den-Mitarbeitenden-1000x667.jpg 1000w, https:\/\/www.raffinessen.ch\/webseite\/wp-content\/uploads\/2018\/05\/Znacht-mit-den-Mitarbeitenden-300x200.jpg 300w, https:\/\/www.raffinessen.ch\/webseite\/wp-content\/uploads\/2018\/05\/Znacht-mit-den-Mitarbeitenden-768x512.jpg 768w, https:\/\/www.raffinessen.ch\/webseite\/wp-content\/uploads\/2018\/05\/Znacht-mit-den-Mitarbeitenden-1030x687.jpg 1030w, https:\/\/www.raffinessen.ch\/webseite\/wp-content\/uploads\/2018\/05\/Znacht-mit-den-Mitarbeitenden-1500x1000.jpg 1500w\" sizes=\"(max-width: 705px) 100vw, 705px\" \/><\/div><\/div><\/figure><\/a><!--end av-masonry entry--><a href=\"https:\/\/www.raffinessen.ch\/webseite\/wp-content\/uploads\/2018\/05\/Znacht-mit-den-Mitarbeitenden2-687x1030.jpg\" data-srcset=\"https:\/\/www.raffinessen.ch\/webseite\/wp-content\/uploads\/2018\/05\/Znacht-mit-den-Mitarbeitenden2-687x1030.jpg 687w, https:\/\/www.raffinessen.ch\/webseite\/wp-content\/uploads\/2018\/05\/Znacht-mit-den-Mitarbeitenden2-1000x1500.jpg 1000w, https:\/\/www.raffinessen.ch\/webseite\/wp-content\/uploads\/2018\/05\/Znacht-mit-den-Mitarbeitenden2-200x300.jpg 200w, https:\/\/www.raffinessen.ch\/webseite\/wp-content\/uploads\/2018\/05\/Znacht-mit-den-Mitarbeitenden2-768x1152.jpg 768w, https:\/\/www.raffinessen.ch\/webseite\/wp-content\/uploads\/2018\/05\/Znacht-mit-den-Mitarbeitenden2-470x705.jpg 470w, https:\/\/www.raffinessen.ch\/webseite\/wp-content\/uploads\/2018\/05\/Znacht-mit-den-Mitarbeitenden2.jpg 2000w\" data-sizes=\"(max-width: 687px) 100vw, 687px\"  aria-label=\"image Znacht mit den Mitarbeitenden2\"  id='av-masonry-1-item-3254' data-av-masonry-item='3254' class='av-masonry-entry isotope-item post-3254 attachment type-attachment status-inherit hentry  av-masonry-item-with-image' title=\"D\u00eener avec les collaborateurs2\" alt=\"\"    itemprop=\"thumbnailUrl\" ><div class='av-inner-masonry-sizer'><\/div><figure class='av-inner-masonry main_color'><div class=\"av-masonry-outerimage-container\"><div class='av-masonry-image-container'  ><img decoding=\"async\" width=\"470\" height=\"705\" fetchpriority=\"high\" class=\"wp-image-3254 avia-img-lazy-loading-not-3254\"  src=\"https:\/\/www.raffinessen.ch\/webseite\/wp-content\/uploads\/2018\/05\/Znacht-mit-den-Mitarbeitenden2-470x705.jpg\" title=\"D\u00eener avec les collaborateurs2\" alt=\"\" srcset=\"https:\/\/www.raffinessen.ch\/webseite\/wp-content\/uploads\/2018\/05\/Znacht-mit-den-Mitarbeitenden2-470x705.jpg 470w, https:\/\/www.raffinessen.ch\/webseite\/wp-content\/uploads\/2018\/05\/Znacht-mit-den-Mitarbeitenden2-1000x1500.jpg 1000w, https:\/\/www.raffinessen.ch\/webseite\/wp-content\/uploads\/2018\/05\/Znacht-mit-den-Mitarbeitenden2-200x300.jpg 200w, https:\/\/www.raffinessen.ch\/webseite\/wp-content\/uploads\/2018\/05\/Znacht-mit-den-Mitarbeitenden2-768x1152.jpg 768w, https:\/\/www.raffinessen.ch\/webseite\/wp-content\/uploads\/2018\/05\/Znacht-mit-den-Mitarbeitenden2-687x1030.jpg 687w, https:\/\/www.raffinessen.ch\/webseite\/wp-content\/uploads\/2018\/05\/Znacht-mit-den-Mitarbeitenden2.jpg 2000w\" sizes=\"(max-width: 470px) 100vw, 470px\" \/><\/div><\/div><\/figure><\/a><!--end av-masonry entry--><\/div><\/div>","protected":false},"excerpt":{"rendered":"<p>Es ist jedes Jahr wieder ein grosses Vergn\u00fcgen nach Kambodscha auf die Pfefferfarm zur\u00fcckzukehren, altbekannte Gesichter zu begr\u00fcssen und zu beobachten wie sich die Farm ver\u00e4ndert hat. Wir wollen jedes Jahr besser werden und dabei das Wissen der Mitarbeitenden sowie die Infrastruktur weiterbringen. Das Tropfwassersystem funktioniert, die Pflanzen sind gesund und der Boden fruchtbar. Deshalb [&hellip;]<\/p>\n","protected":false},"author":1,"featured_media":3252,"comment_status":"closed","ping_status":"closed","sticky":false,"template":"","format":"standard","meta":{"footnotes":""},"categories":[25],"tags":[],"class_list":["post-3232","post","type-post","status-publish","format-standard","has-post-thumbnail","hentry","category-farm"],"yoast_head":"<!-- This site is optimized with the Yoast SEO plugin v27.5 - https:\/\/yoast.com\/product\/yoast-seo-wordpress\/ -->\n<title>Besuch unserer Pfefferfarm 2018 - Raffinessen<\/title>\n<meta name=\"robots\" content=\"index, follow, max-snippet:-1, max-image-preview:large, max-video-preview:-1\" \/>\n<link rel=\"canonical\" href=\"https:\/\/www.raffinessen.ch\/fr\/besuch-unserer-pfefferfarm-2018\/\" \/>\n<meta property=\"og:locale\" content=\"fr_FR\" \/>\n<meta property=\"og:type\" content=\"article\" \/>\n<meta property=\"og:title\" content=\"Besuch unserer Pfefferfarm 2018 - Raffinessen\" \/>\n<meta property=\"og:description\" content=\"Es ist jedes Jahr wieder ein grosses Vergn\u00fcgen nach Kambodscha auf die Pfefferfarm zur\u00fcckzukehren, altbekannte Gesichter zu begr\u00fcssen und zu beobachten wie sich die Farm ver\u00e4ndert hat. Wir wollen jedes Jahr besser werden und dabei das Wissen der Mitarbeitenden sowie die Infrastruktur weiterbringen. Das Tropfwassersystem funktioniert, die Pflanzen sind gesund und der Boden fruchtbar. Deshalb [&hellip;]\" \/>\n<meta property=\"og:url\" content=\"https:\/\/www.raffinessen.ch\/fr\/besuch-unserer-pfefferfarm-2018\/\" \/>\n<meta property=\"og:site_name\" content=\"Raffinessen\" \/>\n<meta property=\"article:published_time\" content=\"2018-05-22T13:00:35+00:00\" \/>\n<meta property=\"article:modified_time\" content=\"2018-05-22T14:02:52+00:00\" \/>\n<meta property=\"og:image\" content=\"https:\/\/www.raffinessen.ch\/webseite\/wp-content\/uploads\/2018\/05\/Titelbild_Mitarbeitende2.jpg\" \/>\n\t<meta property=\"og:image:width\" content=\"3000\" \/>\n\t<meta property=\"og:image:height\" content=\"2002\" \/>\n\t<meta property=\"og:image:type\" content=\"image\/jpeg\" \/>\n<meta name=\"author\" content=\"Autor\" \/>\n<meta name=\"twitter:card\" content=\"summary_large_image\" \/>\n<meta name=\"twitter:label1\" content=\"\u00c9crit par\" \/>\n\t<meta name=\"twitter:data1\" content=\"Autor\" \/>\n\t<meta name=\"twitter:label2\" content=\"Dur\u00e9e de lecture estim\u00e9e\" \/>\n\t<meta name=\"twitter:data2\" content=\"3 minutes\" \/>\n<script type=\"application\/ld+json\" class=\"yoast-schema-graph\">{\"@context\":\"https:\\\/\\\/schema.org\",\"@graph\":[{\"@type\":\"Article\",\"@id\":\"https:\\\/\\\/www.raffinessen.ch\\\/besuch-unserer-pfefferfarm-2018\\\/#article\",\"isPartOf\":{\"@id\":\"https:\\\/\\\/www.raffinessen.ch\\\/besuch-unserer-pfefferfarm-2018\\\/\"},\"author\":{\"name\":\"Autor\",\"@id\":\"https:\\\/\\\/www.raffinessen.ch\\\/#\\\/schema\\\/person\\\/778a79aef22b71e0b7c69a26be6b92e8\"},\"headline\":\"Besuch unserer Pfefferfarm 2018\",\"datePublished\":\"2018-05-22T13:00:35+00:00\",\"dateModified\":\"2018-05-22T14:02:52+00:00\",\"mainEntityOfPage\":{\"@id\":\"https:\\\/\\\/www.raffinessen.ch\\\/besuch-unserer-pfefferfarm-2018\\\/\"},\"wordCount\":576,\"image\":{\"@id\":\"https:\\\/\\\/www.raffinessen.ch\\\/besuch-unserer-pfefferfarm-2018\\\/#primaryimage\"},\"thumbnailUrl\":\"https:\\\/\\\/www.raffinessen.ch\\\/webseite\\\/wp-content\\\/uploads\\\/2018\\\/05\\\/Titelbild_Mitarbeitende2.jpg\",\"articleSection\":[\"Farm\"],\"inLanguage\":\"fr-FR\"},{\"@type\":\"WebPage\",\"@id\":\"https:\\\/\\\/www.raffinessen.ch\\\/besuch-unserer-pfefferfarm-2018\\\/\",\"url\":\"https:\\\/\\\/www.raffinessen.ch\\\/besuch-unserer-pfefferfarm-2018\\\/\",\"name\":\"Besuch unserer Pfefferfarm 2018 - Raffinessen\",\"isPartOf\":{\"@id\":\"https:\\\/\\\/www.raffinessen.ch\\\/#website\"},\"primaryImageOfPage\":{\"@id\":\"https:\\\/\\\/www.raffinessen.ch\\\/besuch-unserer-pfefferfarm-2018\\\/#primaryimage\"},\"image\":{\"@id\":\"https:\\\/\\\/www.raffinessen.ch\\\/besuch-unserer-pfefferfarm-2018\\\/#primaryimage\"},\"thumbnailUrl\":\"https:\\\/\\\/www.raffinessen.ch\\\/webseite\\\/wp-content\\\/uploads\\\/2018\\\/05\\\/Titelbild_Mitarbeitende2.jpg\",\"datePublished\":\"2018-05-22T13:00:35+00:00\",\"dateModified\":\"2018-05-22T14:02:52+00:00\",\"author\":{\"@id\":\"https:\\\/\\\/www.raffinessen.ch\\\/#\\\/schema\\\/person\\\/778a79aef22b71e0b7c69a26be6b92e8\"},\"breadcrumb\":{\"@id\":\"https:\\\/\\\/www.raffinessen.ch\\\/besuch-unserer-pfefferfarm-2018\\\/#breadcrumb\"},\"inLanguage\":\"fr-FR\",\"potentialAction\":[{\"@type\":\"ReadAction\",\"target\":[\"https:\\\/\\\/www.raffinessen.ch\\\/besuch-unserer-pfefferfarm-2018\\\/\"]}]},{\"@type\":\"ImageObject\",\"inLanguage\":\"fr-FR\",\"@id\":\"https:\\\/\\\/www.raffinessen.ch\\\/besuch-unserer-pfefferfarm-2018\\\/#primaryimage\",\"url\":\"https:\\\/\\\/www.raffinessen.ch\\\/webseite\\\/wp-content\\\/uploads\\\/2018\\\/05\\\/Titelbild_Mitarbeitende2.jpg\",\"contentUrl\":\"https:\\\/\\\/www.raffinessen.ch\\\/webseite\\\/wp-content\\\/uploads\\\/2018\\\/05\\\/Titelbild_Mitarbeitende2.jpg\",\"width\":3000,\"height\":2002},{\"@type\":\"BreadcrumbList\",\"@id\":\"https:\\\/\\\/www.raffinessen.ch\\\/besuch-unserer-pfefferfarm-2018\\\/#breadcrumb\",\"itemListElement\":[{\"@type\":\"ListItem\",\"position\":1,\"name\":\"Home\",\"item\":\"https:\\\/\\\/www.raffinessen.ch\\\/\"},{\"@type\":\"ListItem\",\"position\":2,\"name\":\"Besuch unserer Pfefferfarm 2018\"}]},{\"@type\":\"WebSite\",\"@id\":\"https:\\\/\\\/www.raffinessen.ch\\\/#website\",\"url\":\"https:\\\/\\\/www.raffinessen.ch\\\/\",\"name\":\"Raffinessen\",\"description\":\"roter und schwarzer Kampot Pfeffer - Gew\u00fcrze\",\"potentialAction\":[{\"@type\":\"SearchAction\",\"target\":{\"@type\":\"EntryPoint\",\"urlTemplate\":\"https:\\\/\\\/www.raffinessen.ch\\\/?s={search_term_string}\"},\"query-input\":{\"@type\":\"PropertyValueSpecification\",\"valueRequired\":true,\"valueName\":\"search_term_string\"}}],\"inLanguage\":\"fr-FR\"},{\"@type\":\"Person\",\"@id\":\"https:\\\/\\\/www.raffinessen.ch\\\/#\\\/schema\\\/person\\\/778a79aef22b71e0b7c69a26be6b92e8\",\"name\":\"Autor\",\"image\":{\"@type\":\"ImageObject\",\"inLanguage\":\"fr-FR\",\"@id\":\"https:\\\/\\\/secure.gravatar.com\\\/avatar\\\/5ac208422f20c3215f4431af57cabcd0ccf1209f5ba1e1c9388f51d4c76138a4?s=96&d=mm&r=g\",\"url\":\"https:\\\/\\\/secure.gravatar.com\\\/avatar\\\/5ac208422f20c3215f4431af57cabcd0ccf1209f5ba1e1c9388f51d4c76138a4?s=96&d=mm&r=g\",\"contentUrl\":\"https:\\\/\\\/secure.gravatar.com\\\/avatar\\\/5ac208422f20c3215f4431af57cabcd0ccf1209f5ba1e1c9388f51d4c76138a4?s=96&d=mm&r=g\",\"caption\":\"Autor\"},\"url\":\"https:\\\/\\\/www.raffinessen.ch\\\/fr\\\/author\\\/matthias\\\/\"}]}<\/script>\n<!-- \/ Yoast SEO plugin. -->","yoast_head_json":{"title":"Besuch unserer Pfefferfarm 2018 - Raffinessen","robots":{"index":"index","follow":"follow","max-snippet":"max-snippet:-1","max-image-preview":"max-image-preview:large","max-video-preview":"max-video-preview:-1"},"canonical":"https:\/\/www.raffinessen.ch\/fr\/besuch-unserer-pfefferfarm-2018\/","og_locale":"fr_FR","og_type":"article","og_title":"Besuch unserer Pfefferfarm 2018 - Raffinessen","og_description":"Es ist jedes Jahr wieder ein grosses Vergn\u00fcgen nach Kambodscha auf die Pfefferfarm zur\u00fcckzukehren, altbekannte Gesichter zu begr\u00fcssen und zu beobachten wie sich die Farm ver\u00e4ndert hat. Wir wollen jedes Jahr besser werden und dabei das Wissen der Mitarbeitenden sowie die Infrastruktur weiterbringen. Das Tropfwassersystem funktioniert, die Pflanzen sind gesund und der Boden fruchtbar. Deshalb [&hellip;]","og_url":"https:\/\/www.raffinessen.ch\/fr\/besuch-unserer-pfefferfarm-2018\/","og_site_name":"Raffinessen","article_published_time":"2018-05-22T13:00:35+00:00","article_modified_time":"2018-05-22T14:02:52+00:00","og_image":[{"width":3000,"height":2002,"url":"https:\/\/www.raffinessen.ch\/webseite\/wp-content\/uploads\/2018\/05\/Titelbild_Mitarbeitende2.jpg","type":"image\/jpeg"}],"author":"Autor","twitter_card":"summary_large_image","twitter_misc":{"\u00c9crit par":"Autor","Dur\u00e9e de lecture estim\u00e9e":"3 minutes"},"schema":{"@context":"https:\/\/schema.org","@graph":[{"@type":"Article","@id":"https:\/\/www.raffinessen.ch\/besuch-unserer-pfefferfarm-2018\/#article","isPartOf":{"@id":"https:\/\/www.raffinessen.ch\/besuch-unserer-pfefferfarm-2018\/"},"author":{"name":"Autor","@id":"https:\/\/www.raffinessen.ch\/#\/schema\/person\/778a79aef22b71e0b7c69a26be6b92e8"},"headline":"Besuch unserer Pfefferfarm 2018","datePublished":"2018-05-22T13:00:35+00:00","dateModified":"2018-05-22T14:02:52+00:00","mainEntityOfPage":{"@id":"https:\/\/www.raffinessen.ch\/besuch-unserer-pfefferfarm-2018\/"},"wordCount":576,"image":{"@id":"https:\/\/www.raffinessen.ch\/besuch-unserer-pfefferfarm-2018\/#primaryimage"},"thumbnailUrl":"https:\/\/www.raffinessen.ch\/webseite\/wp-content\/uploads\/2018\/05\/Titelbild_Mitarbeitende2.jpg","articleSection":["Farm"],"inLanguage":"fr-FR"},{"@type":"WebPage","@id":"https:\/\/www.raffinessen.ch\/besuch-unserer-pfefferfarm-2018\/","url":"https:\/\/www.raffinessen.ch\/besuch-unserer-pfefferfarm-2018\/","name":"Besuch unserer Pfefferfarm 2018 - Raffinessen","isPartOf":{"@id":"https:\/\/www.raffinessen.ch\/#website"},"primaryImageOfPage":{"@id":"https:\/\/www.raffinessen.ch\/besuch-unserer-pfefferfarm-2018\/#primaryimage"},"image":{"@id":"https:\/\/www.raffinessen.ch\/besuch-unserer-pfefferfarm-2018\/#primaryimage"},"thumbnailUrl":"https:\/\/www.raffinessen.ch\/webseite\/wp-content\/uploads\/2018\/05\/Titelbild_Mitarbeitende2.jpg","datePublished":"2018-05-22T13:00:35+00:00","dateModified":"2018-05-22T14:02:52+00:00","author":{"@id":"https:\/\/www.raffinessen.ch\/#\/schema\/person\/778a79aef22b71e0b7c69a26be6b92e8"},"breadcrumb":{"@id":"https:\/\/www.raffinessen.ch\/besuch-unserer-pfefferfarm-2018\/#breadcrumb"},"inLanguage":"fr-FR","potentialAction":[{"@type":"ReadAction","target":["https:\/\/www.raffinessen.ch\/besuch-unserer-pfefferfarm-2018\/"]}]},{"@type":"ImageObject","inLanguage":"fr-FR","@id":"https:\/\/www.raffinessen.ch\/besuch-unserer-pfefferfarm-2018\/#primaryimage","url":"https:\/\/www.raffinessen.ch\/webseite\/wp-content\/uploads\/2018\/05\/Titelbild_Mitarbeitende2.jpg","contentUrl":"https:\/\/www.raffinessen.ch\/webseite\/wp-content\/uploads\/2018\/05\/Titelbild_Mitarbeitende2.jpg","width":3000,"height":2002},{"@type":"BreadcrumbList","@id":"https:\/\/www.raffinessen.ch\/besuch-unserer-pfefferfarm-2018\/#breadcrumb","itemListElement":[{"@type":"ListItem","position":1,"name":"Home","item":"https:\/\/www.raffinessen.ch\/"},{"@type":"ListItem","position":2,"name":"Besuch unserer Pfefferfarm 2018"}]},{"@type":"WebSite","@id":"https:\/\/www.raffinessen.ch\/#website","url":"https:\/\/www.raffinessen.ch\/","name":"Raffinements","description":"poivre de Kampot rouge et noir - \u00e9pices","potentialAction":[{"@type":"SearchAction","target":{"@type":"EntryPoint","urlTemplate":"https:\/\/www.raffinessen.ch\/?s={search_term_string}"},"query-input":{"@type":"PropertyValueSpecification","valueRequired":true,"valueName":"search_term_string"}}],"inLanguage":"fr-FR"},{"@type":"Person","@id":"https:\/\/www.raffinessen.ch\/#\/schema\/person\/778a79aef22b71e0b7c69a26be6b92e8","name":"Auteur","image":{"@type":"ImageObject","inLanguage":"fr-FR","@id":"https:\/\/secure.gravatar.com\/avatar\/5ac208422f20c3215f4431af57cabcd0ccf1209f5ba1e1c9388f51d4c76138a4?s=96&d=mm&r=g","url":"https:\/\/secure.gravatar.com\/avatar\/5ac208422f20c3215f4431af57cabcd0ccf1209f5ba1e1c9388f51d4c76138a4?s=96&d=mm&r=g","contentUrl":"https:\/\/secure.gravatar.com\/avatar\/5ac208422f20c3215f4431af57cabcd0ccf1209f5ba1e1c9388f51d4c76138a4?s=96&d=mm&r=g","caption":"Autor"},"url":"https:\/\/www.raffinessen.ch\/fr\/author\/matthias\/"}]}},"_links":{"self":[{"href":"https:\/\/www.raffinessen.ch\/fr\/wp-json\/wp\/v2\/posts\/3232","targetHints":{"allow":["GET"]}}],"collection":[{"href":"https:\/\/www.raffinessen.ch\/fr\/wp-json\/wp\/v2\/posts"}],"about":[{"href":"https:\/\/www.raffinessen.ch\/fr\/wp-json\/wp\/v2\/types\/post"}],"author":[{"embeddable":true,"href":"https:\/\/www.raffinessen.ch\/fr\/wp-json\/wp\/v2\/users\/1"}],"replies":[{"embeddable":true,"href":"https:\/\/www.raffinessen.ch\/fr\/wp-json\/wp\/v2\/comments?post=3232"}],"version-history":[{"count":0,"href":"https:\/\/www.raffinessen.ch\/fr\/wp-json\/wp\/v2\/posts\/3232\/revisions"}],"wp:featuredmedia":[{"embeddable":true,"href":"https:\/\/www.raffinessen.ch\/fr\/wp-json\/wp\/v2\/media\/3252"}],"wp:attachment":[{"href":"https:\/\/www.raffinessen.ch\/fr\/wp-json\/wp\/v2\/media?parent=3232"}],"wp:term":[{"taxonomy":"category","embeddable":true,"href":"https:\/\/www.raffinessen.ch\/fr\/wp-json\/wp\/v2\/categories?post=3232"},{"taxonomy":"post_tag","embeddable":true,"href":"https:\/\/www.raffinessen.ch\/fr\/wp-json\/wp\/v2\/tags?post=3232"}],"curies":[{"name":"wp","href":"https:\/\/api.w.org\/{rel}","templated":true}]}}