{"id":2269,"date":"2017-01-31T17:33:15","date_gmt":"2017-01-31T16:33:15","guid":{"rendered":"https:\/\/raffinessen.ch\/webseite\/?p=2269"},"modified":"2018-05-11T16:37:44","modified_gmt":"2018-05-11T14:37:44","slug":"bodenproben","status":"publish","type":"post","link":"https:\/\/www.raffinessen.ch\/fr\/bodenproben\/","title":{"rendered":"\u00c9chantillons de sol"},"content":{"rendered":"<p>En d\u00e9cembre 2016, nous avons fait pr\u00e9lever des \u00e9chantillons de sol \u00e0 la Swiss Farm et les avons fait analyser par un laboratoire. Les r\u00e9sultats ont montr\u00e9 que le sol est l\u00e9g\u00e8rement trop acide pour une culture optimale des poivriers. C'est pourquoi les collaborateurs ont \u00e9pandu de la poudre d'os sur la ferme. La chaux qu'elle contient augmente le pH du sol et facilite l'absorption des substances nutritives par les plants de poivre.<\/p>\n<p>La farine d'os est un engrais organique et se compose d'os d'animaux lav\u00e9s et broy\u00e9s. Les os proviennent de l'abattoir r\u00e9gional et ont \u00e9t\u00e9 broy\u00e9s \u00e0 la ferme.<\/p>\n<p>Les r\u00e9sultats de l'analyse du sol sont disponibles sous forme de fichiers PDF. Si quelqu'un souhaite approfondir le sujet, nous mettons volontiers les r\u00e9sultats \u00e0 disposition.<\/p>\n<div id='av-masonry-1' class='av-masonry av-2bzo25-488bfcbef2d79a8a4826fb19373052e4 noHover av-flex-size av-no-gap av-hover-overlay- av-masonry-animation-active av-masonry-col-flexible av-caption-always av-caption-style- av-masonry-gallery' data-post_id=\"2269\"><div class=\"av-masonry-container isotope av-js-disabled\"><div class='av-masonry-entry isotope-item av-masonry-item-no-image'><\/div><a href=\"https:\/\/www.raffinessen.ch\/webseite\/wp-content\/uploads\/2017\/01\/kampot-pfeffer-plantage-bodenproben-1-1030x687.jpg\" data-srcset=\"https:\/\/www.raffinessen.ch\/webseite\/wp-content\/uploads\/2017\/01\/kampot-pfeffer-plantage-bodenproben-1-1030x687.jpg 1030w, https:\/\/www.raffinessen.ch\/webseite\/wp-content\/uploads\/2017\/01\/kampot-pfeffer-plantage-bodenproben-1-1000x667.jpg 1000w, https:\/\/www.raffinessen.ch\/webseite\/wp-content\/uploads\/2017\/01\/kampot-pfeffer-plantage-bodenproben-1-300x200.jpg 300w, https:\/\/www.raffinessen.ch\/webseite\/wp-content\/uploads\/2017\/01\/kampot-pfeffer-plantage-bodenproben-1-768x512.jpg 768w, https:\/\/www.raffinessen.ch\/webseite\/wp-content\/uploads\/2017\/01\/kampot-pfeffer-plantage-bodenproben-1-1500x1000.jpg 1500w, https:\/\/www.raffinessen.ch\/webseite\/wp-content\/uploads\/2017\/01\/kampot-pfeffer-plantage-bodenproben-1-705x470.jpg 705w\" data-sizes=\"(max-width: 1030px) 100vw, 1030px\"  aria-label=\"image kampot-pfeffer-plantage-bodenproben-1\"  id='av-masonry-1-item-2270' data-av-masonry-item='2270' class='av-masonry-entry isotope-item post-2270 attachment type-attachment status-inherit hentry  av-masonry-item-with-image' title=\"plantation de poivre de kampot-\u00e9chantillons-du-sol-1\" alt=\"\"    itemprop=\"thumbnailUrl\" ><div class='av-inner-masonry-sizer'><\/div><figure class='av-inner-masonry main_color'><div class=\"av-masonry-outerimage-container\"><div class='av-masonry-image-container'  ><img decoding=\"async\" width=\"705\" height=\"470\" fetchpriority=\"high\" class=\"wp-image-2270 avia-img-lazy-loading-not-2270\"  src=\"https:\/\/www.raffinessen.ch\/webseite\/wp-content\/uploads\/2017\/01\/kampot-pfeffer-plantage-bodenproben-1-705x470.jpg\" title=\"plantation de poivre de kampot-\u00e9chantillons-du-sol-1\" alt=\"\" srcset=\"https:\/\/www.raffinessen.ch\/webseite\/wp-content\/uploads\/2017\/01\/kampot-pfeffer-plantage-bodenproben-1-705x470.jpg 705w, https:\/\/www.raffinessen.ch\/webseite\/wp-content\/uploads\/2017\/01\/kampot-pfeffer-plantage-bodenproben-1-1000x667.jpg 1000w, https:\/\/www.raffinessen.ch\/webseite\/wp-content\/uploads\/2017\/01\/kampot-pfeffer-plantage-bodenproben-1-300x200.jpg 300w, https:\/\/www.raffinessen.ch\/webseite\/wp-content\/uploads\/2017\/01\/kampot-pfeffer-plantage-bodenproben-1-768x512.jpg 768w, https:\/\/www.raffinessen.ch\/webseite\/wp-content\/uploads\/2017\/01\/kampot-pfeffer-plantage-bodenproben-1-1030x687.jpg 1030w, https:\/\/www.raffinessen.ch\/webseite\/wp-content\/uploads\/2017\/01\/kampot-pfeffer-plantage-bodenproben-1-1500x1000.jpg 1500w\" sizes=\"(max-width: 705px) 100vw, 705px\" \/><\/div><\/div><\/figure><\/a><!--end av-masonry entry--><a href=\"https:\/\/www.raffinessen.ch\/webseite\/wp-content\/uploads\/2017\/01\/kampot-pfeffer-plantage-bodenproben-2-1030x687.jpg\" data-srcset=\"https:\/\/www.raffinessen.ch\/webseite\/wp-content\/uploads\/2017\/01\/kampot-pfeffer-plantage-bodenproben-2-1030x687.jpg 1030w, https:\/\/www.raffinessen.ch\/webseite\/wp-content\/uploads\/2017\/01\/kampot-pfeffer-plantage-bodenproben-2-1000x667.jpg 1000w, https:\/\/www.raffinessen.ch\/webseite\/wp-content\/uploads\/2017\/01\/kampot-pfeffer-plantage-bodenproben-2-300x200.jpg 300w, https:\/\/www.raffinessen.ch\/webseite\/wp-content\/uploads\/2017\/01\/kampot-pfeffer-plantage-bodenproben-2-768x512.jpg 768w, https:\/\/www.raffinessen.ch\/webseite\/wp-content\/uploads\/2017\/01\/kampot-pfeffer-plantage-bodenproben-2-1500x1000.jpg 1500w, https:\/\/www.raffinessen.ch\/webseite\/wp-content\/uploads\/2017\/01\/kampot-pfeffer-plantage-bodenproben-2-705x470.jpg 705w\" data-sizes=\"(max-width: 1030px) 100vw, 1030px\"  aria-label=\"image kampot-pfeffer-plantage-bodenproben-2\"  id='av-masonry-1-item-2271' data-av-masonry-item='2271' class='av-masonry-entry isotope-item post-2271 attachment type-attachment status-inherit hentry  av-masonry-item-with-image' title=\"plantation de poivre de kampot-\u00e9chantillons-du-sol-2\" alt=\"\"    itemprop=\"thumbnailUrl\" ><div class='av-inner-masonry-sizer'><\/div><figure class='av-inner-masonry main_color'><div class=\"av-masonry-outerimage-container\"><div class='av-masonry-image-container'  ><img decoding=\"async\" width=\"705\" height=\"470\" fetchpriority=\"high\" class=\"wp-image-2271 avia-img-lazy-loading-not-2271\"  src=\"https:\/\/www.raffinessen.ch\/webseite\/wp-content\/uploads\/2017\/01\/kampot-pfeffer-plantage-bodenproben-2-705x470.jpg\" title=\"plantation de poivre de kampot-\u00e9chantillons-du-sol-2\" alt=\"\" srcset=\"https:\/\/www.raffinessen.ch\/webseite\/wp-content\/uploads\/2017\/01\/kampot-pfeffer-plantage-bodenproben-2-705x470.jpg 705w, https:\/\/www.raffinessen.ch\/webseite\/wp-content\/uploads\/2017\/01\/kampot-pfeffer-plantage-bodenproben-2-1000x667.jpg 1000w, https:\/\/www.raffinessen.ch\/webseite\/wp-content\/uploads\/2017\/01\/kampot-pfeffer-plantage-bodenproben-2-300x200.jpg 300w, https:\/\/www.raffinessen.ch\/webseite\/wp-content\/uploads\/2017\/01\/kampot-pfeffer-plantage-bodenproben-2-768x512.jpg 768w, https:\/\/www.raffinessen.ch\/webseite\/wp-content\/uploads\/2017\/01\/kampot-pfeffer-plantage-bodenproben-2-1030x687.jpg 1030w, https:\/\/www.raffinessen.ch\/webseite\/wp-content\/uploads\/2017\/01\/kampot-pfeffer-plantage-bodenproben-2-1500x1000.jpg 1500w\" sizes=\"(max-width: 705px) 100vw, 705px\" \/><\/div><\/div><\/figure><\/a><!--end av-masonry entry--><a href=\"https:\/\/www.raffinessen.ch\/webseite\/wp-content\/uploads\/2017\/01\/kampot-pfeffer-plantage-bodenproben-3-1030x687.jpg\" data-srcset=\"https:\/\/www.raffinessen.ch\/webseite\/wp-content\/uploads\/2017\/01\/kampot-pfeffer-plantage-bodenproben-3-1030x687.jpg 1030w, https:\/\/www.raffinessen.ch\/webseite\/wp-content\/uploads\/2017\/01\/kampot-pfeffer-plantage-bodenproben-3-1000x667.jpg 1000w, https:\/\/www.raffinessen.ch\/webseite\/wp-content\/uploads\/2017\/01\/kampot-pfeffer-plantage-bodenproben-3-300x200.jpg 300w, https:\/\/www.raffinessen.ch\/webseite\/wp-content\/uploads\/2017\/01\/kampot-pfeffer-plantage-bodenproben-3-768x512.jpg 768w, https:\/\/www.raffinessen.ch\/webseite\/wp-content\/uploads\/2017\/01\/kampot-pfeffer-plantage-bodenproben-3-1500x1000.jpg 1500w, https:\/\/www.raffinessen.ch\/webseite\/wp-content\/uploads\/2017\/01\/kampot-pfeffer-plantage-bodenproben-3-705x470.jpg 705w\" data-sizes=\"(max-width: 1030px) 100vw, 1030px\"  aria-label=\"image kampot-pfeffer-plantage-bodenproben-3\"  id='av-masonry-1-item-2272' data-av-masonry-item='2272' class='av-masonry-entry isotope-item post-2272 attachment type-attachment status-inherit hentry  av-masonry-item-with-image' title=\"plantation de poivre de kampot-\u00e9chantillons-du-sol-3\" alt=\"\"    itemprop=\"thumbnailUrl\" ><div class='av-inner-masonry-sizer'><\/div><figure class='av-inner-masonry main_color'><div class=\"av-masonry-outerimage-container\"><div class='av-masonry-image-container'  ><img decoding=\"async\" width=\"705\" height=\"470\" fetchpriority=\"high\" class=\"wp-image-2272 avia-img-lazy-loading-not-2272\"  src=\"https:\/\/www.raffinessen.ch\/webseite\/wp-content\/uploads\/2017\/01\/kampot-pfeffer-plantage-bodenproben-3-705x470.jpg\" title=\"plantation de poivre de kampot-\u00e9chantillons-du-sol-3\" alt=\"\" srcset=\"https:\/\/www.raffinessen.ch\/webseite\/wp-content\/uploads\/2017\/01\/kampot-pfeffer-plantage-bodenproben-3-705x470.jpg 705w, https:\/\/www.raffinessen.ch\/webseite\/wp-content\/uploads\/2017\/01\/kampot-pfeffer-plantage-bodenproben-3-1000x667.jpg 1000w, https:\/\/www.raffinessen.ch\/webseite\/wp-content\/uploads\/2017\/01\/kampot-pfeffer-plantage-bodenproben-3-300x200.jpg 300w, https:\/\/www.raffinessen.ch\/webseite\/wp-content\/uploads\/2017\/01\/kampot-pfeffer-plantage-bodenproben-3-768x512.jpg 768w, https:\/\/www.raffinessen.ch\/webseite\/wp-content\/uploads\/2017\/01\/kampot-pfeffer-plantage-bodenproben-3-1030x687.jpg 1030w, https:\/\/www.raffinessen.ch\/webseite\/wp-content\/uploads\/2017\/01\/kampot-pfeffer-plantage-bodenproben-3-1500x1000.jpg 1500w\" sizes=\"(max-width: 705px) 100vw, 705px\" \/><\/div><\/div><\/figure><\/a><!--end av-masonry entry--><a href=\"https:\/\/www.raffinessen.ch\/webseite\/wp-content\/uploads\/2017\/01\/kampot-pfeffer-plantage-bodenproben-4-1030x687.jpg\" data-srcset=\"https:\/\/www.raffinessen.ch\/webseite\/wp-content\/uploads\/2017\/01\/kampot-pfeffer-plantage-bodenproben-4-1030x687.jpg 1030w, https:\/\/www.raffinessen.ch\/webseite\/wp-content\/uploads\/2017\/01\/kampot-pfeffer-plantage-bodenproben-4-1000x667.jpg 1000w, https:\/\/www.raffinessen.ch\/webseite\/wp-content\/uploads\/2017\/01\/kampot-pfeffer-plantage-bodenproben-4-300x200.jpg 300w, https:\/\/www.raffinessen.ch\/webseite\/wp-content\/uploads\/2017\/01\/kampot-pfeffer-plantage-bodenproben-4-768x512.jpg 768w, https:\/\/www.raffinessen.ch\/webseite\/wp-content\/uploads\/2017\/01\/kampot-pfeffer-plantage-bodenproben-4-1500x1000.jpg 1500w, https:\/\/www.raffinessen.ch\/webseite\/wp-content\/uploads\/2017\/01\/kampot-pfeffer-plantage-bodenproben-4-705x470.jpg 705w\" data-sizes=\"(max-width: 1030px) 100vw, 1030px\"  aria-label=\"image kampot-pfeffer-plantage-bodenproben-4\"  id='av-masonry-1-item-2273' data-av-masonry-item='2273' class='av-masonry-entry isotope-item post-2273 attachment type-attachment status-inherit hentry  av-masonry-item-with-image' title=\"plantation de poivre de kampot-\u00e9chantillons-du-sol-4\" alt=\"\"    itemprop=\"thumbnailUrl\" ><div class='av-inner-masonry-sizer'><\/div><figure class='av-inner-masonry main_color'><div class=\"av-masonry-outerimage-container\"><div class='av-masonry-image-container'  ><img decoding=\"async\" width=\"705\" height=\"470\" fetchpriority=\"high\" class=\"wp-image-2273 avia-img-lazy-loading-not-2273\"  src=\"https:\/\/www.raffinessen.ch\/webseite\/wp-content\/uploads\/2017\/01\/kampot-pfeffer-plantage-bodenproben-4-705x470.jpg\" title=\"plantation de poivre de kampot-\u00e9chantillons-du-sol-4\" alt=\"\" srcset=\"https:\/\/www.raffinessen.ch\/webseite\/wp-content\/uploads\/2017\/01\/kampot-pfeffer-plantage-bodenproben-4-705x470.jpg 705w, https:\/\/www.raffinessen.ch\/webseite\/wp-content\/uploads\/2017\/01\/kampot-pfeffer-plantage-bodenproben-4-1000x667.jpg 1000w, https:\/\/www.raffinessen.ch\/webseite\/wp-content\/uploads\/2017\/01\/kampot-pfeffer-plantage-bodenproben-4-300x200.jpg 300w, https:\/\/www.raffinessen.ch\/webseite\/wp-content\/uploads\/2017\/01\/kampot-pfeffer-plantage-bodenproben-4-768x512.jpg 768w, https:\/\/www.raffinessen.ch\/webseite\/wp-content\/uploads\/2017\/01\/kampot-pfeffer-plantage-bodenproben-4-1030x687.jpg 1030w, https:\/\/www.raffinessen.ch\/webseite\/wp-content\/uploads\/2017\/01\/kampot-pfeffer-plantage-bodenproben-4-1500x1000.jpg 1500w\" sizes=\"(max-width: 705px) 100vw, 705px\" \/><\/div><\/div><\/figure><\/a><!--end av-masonry entry--><\/div><\/div>\n<p>&nbsp;<\/p>","protected":false},"excerpt":{"rendered":"<p>Im Dezember 2016 liessen wir auf der Swiss Farm Bodenproben nehmen und in einem Labor \u00fcberpr\u00fcfen. Die Resultate haben ergeben, dass der Boden f\u00fcr die optimale Bewirtschaftung von Pfefferpflanzen leicht zu s\u00e4urehaltig ist. Aus diesem Grund haben die Mitarbeitenden auf der Farm Knochenmehl ausgestreut. Durch den darin enthaltenen Kalk erh\u00f6ht sich der pH-Wert im Boden [&hellip;]<\/p>\n","protected":false},"author":1,"featured_media":2270,"comment_status":"closed","ping_status":"closed","sticky":false,"template":"","format":"standard","meta":{"footnotes":""},"categories":[25],"tags":[],"class_list":["post-2269","post","type-post","status-publish","format-standard","has-post-thumbnail","hentry","category-farm"],"yoast_head":"<!-- This site is optimized with the Yoast SEO plugin v27.5 - https:\/\/yoast.com\/product\/yoast-seo-wordpress\/ -->\n<title>Bodenproben - Raffinessen<\/title>\n<meta name=\"robots\" content=\"index, follow, max-snippet:-1, max-image-preview:large, max-video-preview:-1\" \/>\n<link rel=\"canonical\" href=\"https:\/\/www.raffinessen.ch\/fr\/bodenproben\/\" \/>\n<meta property=\"og:locale\" content=\"fr_FR\" \/>\n<meta property=\"og:type\" content=\"article\" \/>\n<meta property=\"og:title\" content=\"Bodenproben - Raffinessen\" \/>\n<meta property=\"og:description\" content=\"Im Dezember 2016 liessen wir auf der Swiss Farm Bodenproben nehmen und in einem Labor \u00fcberpr\u00fcfen. Die Resultate haben ergeben, dass der Boden f\u00fcr die optimale Bewirtschaftung von Pfefferpflanzen leicht zu s\u00e4urehaltig ist. Aus diesem Grund haben die Mitarbeitenden auf der Farm Knochenmehl ausgestreut. Durch den darin enthaltenen Kalk erh\u00f6ht sich der pH-Wert im Boden [&hellip;]\" \/>\n<meta property=\"og:url\" content=\"https:\/\/www.raffinessen.ch\/fr\/bodenproben\/\" \/>\n<meta property=\"og:site_name\" content=\"Raffinessen\" \/>\n<meta property=\"article:published_time\" content=\"2017-01-31T16:33:15+00:00\" \/>\n<meta property=\"article:modified_time\" content=\"2018-05-11T14:37:44+00:00\" \/>\n<meta property=\"og:image\" content=\"https:\/\/www.raffinessen.ch\/webseite\/wp-content\/uploads\/2017\/01\/kampot-pfeffer-plantage-bodenproben-1-1030x687.jpg\" \/>\n\t<meta property=\"og:image:width\" content=\"1030\" \/>\n\t<meta property=\"og:image:height\" content=\"687\" \/>\n\t<meta property=\"og:image:type\" content=\"image\/jpeg\" \/>\n<meta name=\"author\" content=\"Autor\" \/>\n<meta name=\"twitter:card\" content=\"summary_large_image\" \/>\n<meta name=\"twitter:label1\" content=\"\u00c9crit par\" \/>\n\t<meta name=\"twitter:data1\" content=\"Autor\" \/>\n\t<meta name=\"twitter:label2\" content=\"Dur\u00e9e de lecture estim\u00e9e\" \/>\n\t<meta name=\"twitter:data2\" content=\"1 minute\" \/>\n<script type=\"application\/ld+json\" class=\"yoast-schema-graph\">{\"@context\":\"https:\\\/\\\/schema.org\",\"@graph\":[{\"@type\":\"Article\",\"@id\":\"https:\\\/\\\/www.raffinessen.ch\\\/bodenproben\\\/#article\",\"isPartOf\":{\"@id\":\"https:\\\/\\\/www.raffinessen.ch\\\/bodenproben\\\/\"},\"author\":{\"name\":\"Autor\",\"@id\":\"https:\\\/\\\/www.raffinessen.ch\\\/#\\\/schema\\\/person\\\/778a79aef22b71e0b7c69a26be6b92e8\"},\"headline\":\"Bodenproben\",\"datePublished\":\"2017-01-31T16:33:15+00:00\",\"dateModified\":\"2018-05-11T14:37:44+00:00\",\"mainEntityOfPage\":{\"@id\":\"https:\\\/\\\/www.raffinessen.ch\\\/bodenproben\\\/\"},\"wordCount\":154,\"image\":{\"@id\":\"https:\\\/\\\/www.raffinessen.ch\\\/bodenproben\\\/#primaryimage\"},\"thumbnailUrl\":\"https:\\\/\\\/www.raffinessen.ch\\\/webseite\\\/wp-content\\\/uploads\\\/2017\\\/01\\\/kampot-pfeffer-plantage-bodenproben-1.jpg\",\"articleSection\":[\"Farm\"],\"inLanguage\":\"fr-FR\"},{\"@type\":\"WebPage\",\"@id\":\"https:\\\/\\\/www.raffinessen.ch\\\/bodenproben\\\/\",\"url\":\"https:\\\/\\\/www.raffinessen.ch\\\/bodenproben\\\/\",\"name\":\"Bodenproben - Raffinessen\",\"isPartOf\":{\"@id\":\"https:\\\/\\\/www.raffinessen.ch\\\/#website\"},\"primaryImageOfPage\":{\"@id\":\"https:\\\/\\\/www.raffinessen.ch\\\/bodenproben\\\/#primaryimage\"},\"image\":{\"@id\":\"https:\\\/\\\/www.raffinessen.ch\\\/bodenproben\\\/#primaryimage\"},\"thumbnailUrl\":\"https:\\\/\\\/www.raffinessen.ch\\\/webseite\\\/wp-content\\\/uploads\\\/2017\\\/01\\\/kampot-pfeffer-plantage-bodenproben-1.jpg\",\"datePublished\":\"2017-01-31T16:33:15+00:00\",\"dateModified\":\"2018-05-11T14:37:44+00:00\",\"author\":{\"@id\":\"https:\\\/\\\/www.raffinessen.ch\\\/#\\\/schema\\\/person\\\/778a79aef22b71e0b7c69a26be6b92e8\"},\"breadcrumb\":{\"@id\":\"https:\\\/\\\/www.raffinessen.ch\\\/bodenproben\\\/#breadcrumb\"},\"inLanguage\":\"fr-FR\",\"potentialAction\":[{\"@type\":\"ReadAction\",\"target\":[\"https:\\\/\\\/www.raffinessen.ch\\\/bodenproben\\\/\"]}]},{\"@type\":\"ImageObject\",\"inLanguage\":\"fr-FR\",\"@id\":\"https:\\\/\\\/www.raffinessen.ch\\\/bodenproben\\\/#primaryimage\",\"url\":\"https:\\\/\\\/www.raffinessen.ch\\\/webseite\\\/wp-content\\\/uploads\\\/2017\\\/01\\\/kampot-pfeffer-plantage-bodenproben-1.jpg\",\"contentUrl\":\"https:\\\/\\\/www.raffinessen.ch\\\/webseite\\\/wp-content\\\/uploads\\\/2017\\\/01\\\/kampot-pfeffer-plantage-bodenproben-1.jpg\",\"width\":2305,\"height\":1537},{\"@type\":\"BreadcrumbList\",\"@id\":\"https:\\\/\\\/www.raffinessen.ch\\\/bodenproben\\\/#breadcrumb\",\"itemListElement\":[{\"@type\":\"ListItem\",\"position\":1,\"name\":\"Home\",\"item\":\"https:\\\/\\\/www.raffinessen.ch\\\/\"},{\"@type\":\"ListItem\",\"position\":2,\"name\":\"Bodenproben\"}]},{\"@type\":\"WebSite\",\"@id\":\"https:\\\/\\\/www.raffinessen.ch\\\/#website\",\"url\":\"https:\\\/\\\/www.raffinessen.ch\\\/\",\"name\":\"Raffinessen\",\"description\":\"roter und schwarzer Kampot Pfeffer - Gew\u00fcrze\",\"potentialAction\":[{\"@type\":\"SearchAction\",\"target\":{\"@type\":\"EntryPoint\",\"urlTemplate\":\"https:\\\/\\\/www.raffinessen.ch\\\/?s={search_term_string}\"},\"query-input\":{\"@type\":\"PropertyValueSpecification\",\"valueRequired\":true,\"valueName\":\"search_term_string\"}}],\"inLanguage\":\"fr-FR\"},{\"@type\":\"Person\",\"@id\":\"https:\\\/\\\/www.raffinessen.ch\\\/#\\\/schema\\\/person\\\/778a79aef22b71e0b7c69a26be6b92e8\",\"name\":\"Autor\",\"image\":{\"@type\":\"ImageObject\",\"inLanguage\":\"fr-FR\",\"@id\":\"https:\\\/\\\/secure.gravatar.com\\\/avatar\\\/5ac208422f20c3215f4431af57cabcd0ccf1209f5ba1e1c9388f51d4c76138a4?s=96&d=mm&r=g\",\"url\":\"https:\\\/\\\/secure.gravatar.com\\\/avatar\\\/5ac208422f20c3215f4431af57cabcd0ccf1209f5ba1e1c9388f51d4c76138a4?s=96&d=mm&r=g\",\"contentUrl\":\"https:\\\/\\\/secure.gravatar.com\\\/avatar\\\/5ac208422f20c3215f4431af57cabcd0ccf1209f5ba1e1c9388f51d4c76138a4?s=96&d=mm&r=g\",\"caption\":\"Autor\"},\"url\":\"https:\\\/\\\/www.raffinessen.ch\\\/fr\\\/author\\\/matthias\\\/\"}]}<\/script>\n<!-- \/ Yoast SEO plugin. -->","yoast_head_json":{"title":"Bodenproben - Raffinessen","robots":{"index":"index","follow":"follow","max-snippet":"max-snippet:-1","max-image-preview":"max-image-preview:large","max-video-preview":"max-video-preview:-1"},"canonical":"https:\/\/www.raffinessen.ch\/fr\/bodenproben\/","og_locale":"fr_FR","og_type":"article","og_title":"Bodenproben - Raffinessen","og_description":"Im Dezember 2016 liessen wir auf der Swiss Farm Bodenproben nehmen und in einem Labor \u00fcberpr\u00fcfen. Die Resultate haben ergeben, dass der Boden f\u00fcr die optimale Bewirtschaftung von Pfefferpflanzen leicht zu s\u00e4urehaltig ist. Aus diesem Grund haben die Mitarbeitenden auf der Farm Knochenmehl ausgestreut. Durch den darin enthaltenen Kalk erh\u00f6ht sich der pH-Wert im Boden [&hellip;]","og_url":"https:\/\/www.raffinessen.ch\/fr\/bodenproben\/","og_site_name":"Raffinessen","article_published_time":"2017-01-31T16:33:15+00:00","article_modified_time":"2018-05-11T14:37:44+00:00","og_image":[{"width":1030,"height":687,"url":"https:\/\/www.raffinessen.ch\/webseite\/wp-content\/uploads\/2017\/01\/kampot-pfeffer-plantage-bodenproben-1-1030x687.jpg","type":"image\/jpeg"}],"author":"Autor","twitter_card":"summary_large_image","twitter_misc":{"\u00c9crit par":"Autor","Dur\u00e9e de lecture estim\u00e9e":"1 minute"},"schema":{"@context":"https:\/\/schema.org","@graph":[{"@type":"Article","@id":"https:\/\/www.raffinessen.ch\/bodenproben\/#article","isPartOf":{"@id":"https:\/\/www.raffinessen.ch\/bodenproben\/"},"author":{"name":"Autor","@id":"https:\/\/www.raffinessen.ch\/#\/schema\/person\/778a79aef22b71e0b7c69a26be6b92e8"},"headline":"Bodenproben","datePublished":"2017-01-31T16:33:15+00:00","dateModified":"2018-05-11T14:37:44+00:00","mainEntityOfPage":{"@id":"https:\/\/www.raffinessen.ch\/bodenproben\/"},"wordCount":154,"image":{"@id":"https:\/\/www.raffinessen.ch\/bodenproben\/#primaryimage"},"thumbnailUrl":"https:\/\/www.raffinessen.ch\/webseite\/wp-content\/uploads\/2017\/01\/kampot-pfeffer-plantage-bodenproben-1.jpg","articleSection":["Farm"],"inLanguage":"fr-FR"},{"@type":"WebPage","@id":"https:\/\/www.raffinessen.ch\/bodenproben\/","url":"https:\/\/www.raffinessen.ch\/bodenproben\/","name":"Bodenproben - Raffinessen","isPartOf":{"@id":"https:\/\/www.raffinessen.ch\/#website"},"primaryImageOfPage":{"@id":"https:\/\/www.raffinessen.ch\/bodenproben\/#primaryimage"},"image":{"@id":"https:\/\/www.raffinessen.ch\/bodenproben\/#primaryimage"},"thumbnailUrl":"https:\/\/www.raffinessen.ch\/webseite\/wp-content\/uploads\/2017\/01\/kampot-pfeffer-plantage-bodenproben-1.jpg","datePublished":"2017-01-31T16:33:15+00:00","dateModified":"2018-05-11T14:37:44+00:00","author":{"@id":"https:\/\/www.raffinessen.ch\/#\/schema\/person\/778a79aef22b71e0b7c69a26be6b92e8"},"breadcrumb":{"@id":"https:\/\/www.raffinessen.ch\/bodenproben\/#breadcrumb"},"inLanguage":"fr-FR","potentialAction":[{"@type":"ReadAction","target":["https:\/\/www.raffinessen.ch\/bodenproben\/"]}]},{"@type":"ImageObject","inLanguage":"fr-FR","@id":"https:\/\/www.raffinessen.ch\/bodenproben\/#primaryimage","url":"https:\/\/www.raffinessen.ch\/webseite\/wp-content\/uploads\/2017\/01\/kampot-pfeffer-plantage-bodenproben-1.jpg","contentUrl":"https:\/\/www.raffinessen.ch\/webseite\/wp-content\/uploads\/2017\/01\/kampot-pfeffer-plantage-bodenproben-1.jpg","width":2305,"height":1537},{"@type":"BreadcrumbList","@id":"https:\/\/www.raffinessen.ch\/bodenproben\/#breadcrumb","itemListElement":[{"@type":"ListItem","position":1,"name":"Home","item":"https:\/\/www.raffinessen.ch\/"},{"@type":"ListItem","position":2,"name":"Bodenproben"}]},{"@type":"WebSite","@id":"https:\/\/www.raffinessen.ch\/#website","url":"https:\/\/www.raffinessen.ch\/","name":"Raffinements","description":"poivre de Kampot rouge et noir - \u00e9pices","potentialAction":[{"@type":"SearchAction","target":{"@type":"EntryPoint","urlTemplate":"https:\/\/www.raffinessen.ch\/?s={search_term_string}"},"query-input":{"@type":"PropertyValueSpecification","valueRequired":true,"valueName":"search_term_string"}}],"inLanguage":"fr-FR"},{"@type":"Person","@id":"https:\/\/www.raffinessen.ch\/#\/schema\/person\/778a79aef22b71e0b7c69a26be6b92e8","name":"Auteur","image":{"@type":"ImageObject","inLanguage":"fr-FR","@id":"https:\/\/secure.gravatar.com\/avatar\/5ac208422f20c3215f4431af57cabcd0ccf1209f5ba1e1c9388f51d4c76138a4?s=96&d=mm&r=g","url":"https:\/\/secure.gravatar.com\/avatar\/5ac208422f20c3215f4431af57cabcd0ccf1209f5ba1e1c9388f51d4c76138a4?s=96&d=mm&r=g","contentUrl":"https:\/\/secure.gravatar.com\/avatar\/5ac208422f20c3215f4431af57cabcd0ccf1209f5ba1e1c9388f51d4c76138a4?s=96&d=mm&r=g","caption":"Autor"},"url":"https:\/\/www.raffinessen.ch\/fr\/author\/matthias\/"}]}},"_links":{"self":[{"href":"https:\/\/www.raffinessen.ch\/fr\/wp-json\/wp\/v2\/posts\/2269","targetHints":{"allow":["GET"]}}],"collection":[{"href":"https:\/\/www.raffinessen.ch\/fr\/wp-json\/wp\/v2\/posts"}],"about":[{"href":"https:\/\/www.raffinessen.ch\/fr\/wp-json\/wp\/v2\/types\/post"}],"author":[{"embeddable":true,"href":"https:\/\/www.raffinessen.ch\/fr\/wp-json\/wp\/v2\/users\/1"}],"replies":[{"embeddable":true,"href":"https:\/\/www.raffinessen.ch\/fr\/wp-json\/wp\/v2\/comments?post=2269"}],"version-history":[{"count":0,"href":"https:\/\/www.raffinessen.ch\/fr\/wp-json\/wp\/v2\/posts\/2269\/revisions"}],"wp:featuredmedia":[{"embeddable":true,"href":"https:\/\/www.raffinessen.ch\/fr\/wp-json\/wp\/v2\/media\/2270"}],"wp:attachment":[{"href":"https:\/\/www.raffinessen.ch\/fr\/wp-json\/wp\/v2\/media?parent=2269"}],"wp:term":[{"taxonomy":"category","embeddable":true,"href":"https:\/\/www.raffinessen.ch\/fr\/wp-json\/wp\/v2\/categories?post=2269"},{"taxonomy":"post_tag","embeddable":true,"href":"https:\/\/www.raffinessen.ch\/fr\/wp-json\/wp\/v2\/tags?post=2269"}],"curies":[{"name":"wp","href":"https:\/\/api.w.org\/{rel}","templated":true}]}}