{"id":1707,"date":"2016-09-15T14:20:39","date_gmt":"2016-09-15T12:20:39","guid":{"rendered":"https:\/\/raffinessen.ch\/webseite\/?p=1707"},"modified":"2016-09-15T14:20:48","modified_gmt":"2016-09-15T12:20:48","slug":"dr-aengelibeck-backt-einen-kampot-pfeffer-brownie","status":"publish","type":"post","link":"https:\/\/www.raffinessen.ch\/fr\/dr-aengelibeck-backt-einen-kampot-pfeffer-brownie\/","title":{"rendered":"Le Dr \u00c4ngelibeck pr\u00e9pare un brownie au poivre de Kampot"},"content":{"rendered":"<p><a href=\"https:\/\/raffinessen.ch\/webseite\/wp-content\/uploads\/2016\/09\/aengelibeck_pfeffer-brownie.jpg\"><img loading=\"lazy\" decoding=\"async\" class=\"alignnone size-large wp-image-1681\" src=\"https:\/\/raffinessen.ch\/webseite\/wp-content\/uploads\/2016\/09\/aengelibeck_pfeffer-brownie-1030x1030.jpg\" alt=\"aengelibeck_pfeffer-brownie\" width=\"1030\" height=\"1030\" srcset=\"https:\/\/www.raffinessen.ch\/webseite\/wp-content\/uploads\/2016\/09\/aengelibeck_pfeffer-brownie-1030x1030.jpg 1030w, https:\/\/www.raffinessen.ch\/webseite\/wp-content\/uploads\/2016\/09\/aengelibeck_pfeffer-brownie-500x500.jpg 500w, https:\/\/www.raffinessen.ch\/webseite\/wp-content\/uploads\/2016\/09\/aengelibeck_pfeffer-brownie-1000x1000.jpg 1000w, https:\/\/www.raffinessen.ch\/webseite\/wp-content\/uploads\/2016\/09\/aengelibeck_pfeffer-brownie-100x100.jpg 100w, https:\/\/www.raffinessen.ch\/webseite\/wp-content\/uploads\/2016\/09\/aengelibeck_pfeffer-brownie-80x80.jpg 80w, https:\/\/www.raffinessen.ch\/webseite\/wp-content\/uploads\/2016\/09\/aengelibeck_pfeffer-brownie-300x300.jpg 300w, https:\/\/www.raffinessen.ch\/webseite\/wp-content\/uploads\/2016\/09\/aengelibeck_pfeffer-brownie-768x768.jpg 768w, https:\/\/www.raffinessen.ch\/webseite\/wp-content\/uploads\/2016\/09\/aengelibeck_pfeffer-brownie-36x36.jpg 36w, https:\/\/www.raffinessen.ch\/webseite\/wp-content\/uploads\/2016\/09\/aengelibeck_pfeffer-brownie-180x180.jpg 180w, https:\/\/www.raffinessen.ch\/webseite\/wp-content\/uploads\/2016\/09\/aengelibeck_pfeffer-brownie-705x705.jpg 705w, https:\/\/www.raffinessen.ch\/webseite\/wp-content\/uploads\/2016\/09\/aengelibeck_pfeffer-brownie.jpg 1200w\" sizes=\"auto, (max-width: 1030px) 100vw, 1030px\" \/><\/a><\/p>\n<p>Depuis 20 ans, le pain vient du ciel \u00e0 Berne. Aujourd'hui, la <a href=\"http:\/\/www.aengelibeck.ch\/\" target=\"_blank\">Boulangerie bio et au four \u00e0 bois<\/a> nous a concoct\u00e9 en exclusivit\u00e9 un brownie au poivre.<\/p>\n<p>Sois un ange et participe. Pour une contribution de CHF 30.00, nous t'envoyons <a href=\"https:\/\/wemakeit.com\/projects\/pfeffer-koenig-der-gewuerze\" target=\"_blank\">quatre brownies<\/a> directement chez toi.<\/p>\n<p>Merci beaucoup pour votre soutien !<\/p>\n<p>Votre Markus et Khom<\/p>","protected":false},"excerpt":{"rendered":"<p>Depuis 20 ans, le pain vient du ciel \u00e0 Berne. Aujourd'hui, la boulangerie bio et au feu de bois nous a concoct\u00e9 en exclusivit\u00e9 un brownie au poivre. Sois un ange et participe ! Pour une contribution de CHF 30.00, nous t'enverrons quatre brownies directement chez toi. Merci beaucoup pour votre soutien ! Votre Markus et Khom<\/p>","protected":false},"author":1,"featured_media":1681,"comment_status":"closed","ping_status":"closed","sticky":false,"template":"","format":"standard","meta":{"footnotes":""},"categories":[26,33],"tags":[],"class_list":["post-1707","post","type-post","status-publish","format-standard","has-post-thumbnail","hentry","category-kampot-pfeffer","category-wemakeit"],"yoast_head":"<!-- This site is optimized with the Yoast SEO plugin v27.5 - https:\/\/yoast.com\/product\/yoast-seo-wordpress\/ -->\n<title>Dr \u00c4ngelibeck backt einen Kampot Pfeffer Brownie - Raffinessen<\/title>\n<meta name=\"robots\" content=\"index, follow, max-snippet:-1, max-image-preview:large, max-video-preview:-1\" \/>\n<link rel=\"canonical\" href=\"https:\/\/www.raffinessen.ch\/fr\/dr-aengelibeck-backt-einen-kampot-pfeffer-brownie\/\" \/>\n<meta property=\"og:locale\" content=\"fr_FR\" \/>\n<meta property=\"og:type\" content=\"article\" \/>\n<meta property=\"og:title\" content=\"Dr \u00c4ngelibeck backt einen Kampot Pfeffer Brownie - Raffinessen\" \/>\n<meta property=\"og:description\" content=\"Seit 20 Jahren kommt in Bern das Brot vom Himmel. Jetzt hat die Bio und Holzofenb\u00e4ckerei exklusive f\u00fcr uns einen Pfeffer-Brownie rezeptiert. Sei ein Engel und mach mit. F\u00fcr einen Beitrag von CHF 30.00 senden wir dir vier Brownies direkt zu dir nach Hause. Vielen Dank f\u00fcr eure Unterst\u00fctzung! Euer Markus und Khom\" \/>\n<meta property=\"og:url\" content=\"https:\/\/www.raffinessen.ch\/fr\/dr-aengelibeck-backt-einen-kampot-pfeffer-brownie\/\" \/>\n<meta property=\"og:site_name\" content=\"Raffinessen\" \/>\n<meta property=\"article:published_time\" content=\"2016-09-15T12:20:39+00:00\" \/>\n<meta property=\"article:modified_time\" content=\"2016-09-15T12:20:48+00:00\" \/>\n<meta property=\"og:image\" content=\"https:\/\/www.raffinessen.ch\/webseite\/wp-content\/uploads\/2016\/09\/aengelibeck_pfeffer-brownie.jpg\" \/>\n\t<meta property=\"og:image:width\" content=\"1200\" \/>\n\t<meta property=\"og:image:height\" content=\"1200\" \/>\n\t<meta property=\"og:image:type\" content=\"image\/jpeg\" \/>\n<meta name=\"author\" content=\"Autor\" \/>\n<meta name=\"twitter:card\" content=\"summary_large_image\" \/>\n<meta name=\"twitter:label1\" content=\"\u00c9crit par\" \/>\n\t<meta name=\"twitter:data1\" content=\"Autor\" \/>\n<script type=\"application\/ld+json\" class=\"yoast-schema-graph\">{\"@context\":\"https:\\\/\\\/schema.org\",\"@graph\":[{\"@type\":\"Article\",\"@id\":\"https:\\\/\\\/www.raffinessen.ch\\\/dr-aengelibeck-backt-einen-kampot-pfeffer-brownie\\\/#article\",\"isPartOf\":{\"@id\":\"https:\\\/\\\/www.raffinessen.ch\\\/dr-aengelibeck-backt-einen-kampot-pfeffer-brownie\\\/\"},\"author\":{\"name\":\"Autor\",\"@id\":\"https:\\\/\\\/www.raffinessen.ch\\\/#\\\/schema\\\/person\\\/778a79aef22b71e0b7c69a26be6b92e8\"},\"headline\":\"Dr \u00c4ngelibeck backt einen Kampot Pfeffer Brownie\",\"datePublished\":\"2016-09-15T12:20:39+00:00\",\"dateModified\":\"2016-09-15T12:20:48+00:00\",\"mainEntityOfPage\":{\"@id\":\"https:\\\/\\\/www.raffinessen.ch\\\/dr-aengelibeck-backt-einen-kampot-pfeffer-brownie\\\/\"},\"wordCount\":63,\"image\":{\"@id\":\"https:\\\/\\\/www.raffinessen.ch\\\/dr-aengelibeck-backt-einen-kampot-pfeffer-brownie\\\/#primaryimage\"},\"thumbnailUrl\":\"https:\\\/\\\/www.raffinessen.ch\\\/webseite\\\/wp-content\\\/uploads\\\/2016\\\/09\\\/aengelibeck_pfeffer-brownie.jpg\",\"articleSection\":[\"Kampot Pfeffer\",\"Wemakeit\"],\"inLanguage\":\"fr-FR\"},{\"@type\":\"WebPage\",\"@id\":\"https:\\\/\\\/www.raffinessen.ch\\\/dr-aengelibeck-backt-einen-kampot-pfeffer-brownie\\\/\",\"url\":\"https:\\\/\\\/www.raffinessen.ch\\\/dr-aengelibeck-backt-einen-kampot-pfeffer-brownie\\\/\",\"name\":\"Dr \u00c4ngelibeck backt einen Kampot Pfeffer Brownie - Raffinessen\",\"isPartOf\":{\"@id\":\"https:\\\/\\\/www.raffinessen.ch\\\/#website\"},\"primaryImageOfPage\":{\"@id\":\"https:\\\/\\\/www.raffinessen.ch\\\/dr-aengelibeck-backt-einen-kampot-pfeffer-brownie\\\/#primaryimage\"},\"image\":{\"@id\":\"https:\\\/\\\/www.raffinessen.ch\\\/dr-aengelibeck-backt-einen-kampot-pfeffer-brownie\\\/#primaryimage\"},\"thumbnailUrl\":\"https:\\\/\\\/www.raffinessen.ch\\\/webseite\\\/wp-content\\\/uploads\\\/2016\\\/09\\\/aengelibeck_pfeffer-brownie.jpg\",\"datePublished\":\"2016-09-15T12:20:39+00:00\",\"dateModified\":\"2016-09-15T12:20:48+00:00\",\"author\":{\"@id\":\"https:\\\/\\\/www.raffinessen.ch\\\/#\\\/schema\\\/person\\\/778a79aef22b71e0b7c69a26be6b92e8\"},\"breadcrumb\":{\"@id\":\"https:\\\/\\\/www.raffinessen.ch\\\/dr-aengelibeck-backt-einen-kampot-pfeffer-brownie\\\/#breadcrumb\"},\"inLanguage\":\"fr-FR\",\"potentialAction\":[{\"@type\":\"ReadAction\",\"target\":[\"https:\\\/\\\/www.raffinessen.ch\\\/dr-aengelibeck-backt-einen-kampot-pfeffer-brownie\\\/\"]}]},{\"@type\":\"ImageObject\",\"inLanguage\":\"fr-FR\",\"@id\":\"https:\\\/\\\/www.raffinessen.ch\\\/dr-aengelibeck-backt-einen-kampot-pfeffer-brownie\\\/#primaryimage\",\"url\":\"https:\\\/\\\/www.raffinessen.ch\\\/webseite\\\/wp-content\\\/uploads\\\/2016\\\/09\\\/aengelibeck_pfeffer-brownie.jpg\",\"contentUrl\":\"https:\\\/\\\/www.raffinessen.ch\\\/webseite\\\/wp-content\\\/uploads\\\/2016\\\/09\\\/aengelibeck_pfeffer-brownie.jpg\",\"width\":1200,\"height\":1200},{\"@type\":\"BreadcrumbList\",\"@id\":\"https:\\\/\\\/www.raffinessen.ch\\\/dr-aengelibeck-backt-einen-kampot-pfeffer-brownie\\\/#breadcrumb\",\"itemListElement\":[{\"@type\":\"ListItem\",\"position\":1,\"name\":\"Home\",\"item\":\"https:\\\/\\\/www.raffinessen.ch\\\/\"},{\"@type\":\"ListItem\",\"position\":2,\"name\":\"Dr \u00c4ngelibeck backt einen Kampot Pfeffer Brownie\"}]},{\"@type\":\"WebSite\",\"@id\":\"https:\\\/\\\/www.raffinessen.ch\\\/#website\",\"url\":\"https:\\\/\\\/www.raffinessen.ch\\\/\",\"name\":\"Raffinessen\",\"description\":\"roter und schwarzer Kampot Pfeffer - Gew\u00fcrze\",\"potentialAction\":[{\"@type\":\"SearchAction\",\"target\":{\"@type\":\"EntryPoint\",\"urlTemplate\":\"https:\\\/\\\/www.raffinessen.ch\\\/?s={search_term_string}\"},\"query-input\":{\"@type\":\"PropertyValueSpecification\",\"valueRequired\":true,\"valueName\":\"search_term_string\"}}],\"inLanguage\":\"fr-FR\"},{\"@type\":\"Person\",\"@id\":\"https:\\\/\\\/www.raffinessen.ch\\\/#\\\/schema\\\/person\\\/778a79aef22b71e0b7c69a26be6b92e8\",\"name\":\"Autor\",\"image\":{\"@type\":\"ImageObject\",\"inLanguage\":\"fr-FR\",\"@id\":\"https:\\\/\\\/secure.gravatar.com\\\/avatar\\\/5ac208422f20c3215f4431af57cabcd0ccf1209f5ba1e1c9388f51d4c76138a4?s=96&d=mm&r=g\",\"url\":\"https:\\\/\\\/secure.gravatar.com\\\/avatar\\\/5ac208422f20c3215f4431af57cabcd0ccf1209f5ba1e1c9388f51d4c76138a4?s=96&d=mm&r=g\",\"contentUrl\":\"https:\\\/\\\/secure.gravatar.com\\\/avatar\\\/5ac208422f20c3215f4431af57cabcd0ccf1209f5ba1e1c9388f51d4c76138a4?s=96&d=mm&r=g\",\"caption\":\"Autor\"},\"url\":\"https:\\\/\\\/www.raffinessen.ch\\\/fr\\\/author\\\/matthias\\\/\"}]}<\/script>\n<!-- \/ Yoast SEO plugin. -->","yoast_head_json":{"title":"Dr \u00c4ngelibeck backt einen Kampot Pfeffer Brownie - Raffinessen","robots":{"index":"index","follow":"follow","max-snippet":"max-snippet:-1","max-image-preview":"max-image-preview:large","max-video-preview":"max-video-preview:-1"},"canonical":"https:\/\/www.raffinessen.ch\/fr\/dr-aengelibeck-backt-einen-kampot-pfeffer-brownie\/","og_locale":"fr_FR","og_type":"article","og_title":"Dr \u00c4ngelibeck backt einen Kampot Pfeffer Brownie - Raffinessen","og_description":"Seit 20 Jahren kommt in Bern das Brot vom Himmel. Jetzt hat die Bio und Holzofenb\u00e4ckerei exklusive f\u00fcr uns einen Pfeffer-Brownie rezeptiert. Sei ein Engel und mach mit. F\u00fcr einen Beitrag von CHF 30.00 senden wir dir vier Brownies direkt zu dir nach Hause. Vielen Dank f\u00fcr eure Unterst\u00fctzung! Euer Markus und Khom","og_url":"https:\/\/www.raffinessen.ch\/fr\/dr-aengelibeck-backt-einen-kampot-pfeffer-brownie\/","og_site_name":"Raffinessen","article_published_time":"2016-09-15T12:20:39+00:00","article_modified_time":"2016-09-15T12:20:48+00:00","og_image":[{"width":1200,"height":1200,"url":"https:\/\/www.raffinessen.ch\/webseite\/wp-content\/uploads\/2016\/09\/aengelibeck_pfeffer-brownie.jpg","type":"image\/jpeg"}],"author":"Autor","twitter_card":"summary_large_image","twitter_misc":{"\u00c9crit par":"Autor"},"schema":{"@context":"https:\/\/schema.org","@graph":[{"@type":"Article","@id":"https:\/\/www.raffinessen.ch\/dr-aengelibeck-backt-einen-kampot-pfeffer-brownie\/#article","isPartOf":{"@id":"https:\/\/www.raffinessen.ch\/dr-aengelibeck-backt-einen-kampot-pfeffer-brownie\/"},"author":{"name":"Autor","@id":"https:\/\/www.raffinessen.ch\/#\/schema\/person\/778a79aef22b71e0b7c69a26be6b92e8"},"headline":"Dr \u00c4ngelibeck backt einen Kampot Pfeffer Brownie","datePublished":"2016-09-15T12:20:39+00:00","dateModified":"2016-09-15T12:20:48+00:00","mainEntityOfPage":{"@id":"https:\/\/www.raffinessen.ch\/dr-aengelibeck-backt-einen-kampot-pfeffer-brownie\/"},"wordCount":63,"image":{"@id":"https:\/\/www.raffinessen.ch\/dr-aengelibeck-backt-einen-kampot-pfeffer-brownie\/#primaryimage"},"thumbnailUrl":"https:\/\/www.raffinessen.ch\/webseite\/wp-content\/uploads\/2016\/09\/aengelibeck_pfeffer-brownie.jpg","articleSection":["Kampot Pfeffer","Wemakeit"],"inLanguage":"fr-FR"},{"@type":"WebPage","@id":"https:\/\/www.raffinessen.ch\/dr-aengelibeck-backt-einen-kampot-pfeffer-brownie\/","url":"https:\/\/www.raffinessen.ch\/dr-aengelibeck-backt-einen-kampot-pfeffer-brownie\/","name":"Dr \u00c4ngelibeck backt einen Kampot Pfeffer Brownie - Raffinessen","isPartOf":{"@id":"https:\/\/www.raffinessen.ch\/#website"},"primaryImageOfPage":{"@id":"https:\/\/www.raffinessen.ch\/dr-aengelibeck-backt-einen-kampot-pfeffer-brownie\/#primaryimage"},"image":{"@id":"https:\/\/www.raffinessen.ch\/dr-aengelibeck-backt-einen-kampot-pfeffer-brownie\/#primaryimage"},"thumbnailUrl":"https:\/\/www.raffinessen.ch\/webseite\/wp-content\/uploads\/2016\/09\/aengelibeck_pfeffer-brownie.jpg","datePublished":"2016-09-15T12:20:39+00:00","dateModified":"2016-09-15T12:20:48+00:00","author":{"@id":"https:\/\/www.raffinessen.ch\/#\/schema\/person\/778a79aef22b71e0b7c69a26be6b92e8"},"breadcrumb":{"@id":"https:\/\/www.raffinessen.ch\/dr-aengelibeck-backt-einen-kampot-pfeffer-brownie\/#breadcrumb"},"inLanguage":"fr-FR","potentialAction":[{"@type":"ReadAction","target":["https:\/\/www.raffinessen.ch\/dr-aengelibeck-backt-einen-kampot-pfeffer-brownie\/"]}]},{"@type":"ImageObject","inLanguage":"fr-FR","@id":"https:\/\/www.raffinessen.ch\/dr-aengelibeck-backt-einen-kampot-pfeffer-brownie\/#primaryimage","url":"https:\/\/www.raffinessen.ch\/webseite\/wp-content\/uploads\/2016\/09\/aengelibeck_pfeffer-brownie.jpg","contentUrl":"https:\/\/www.raffinessen.ch\/webseite\/wp-content\/uploads\/2016\/09\/aengelibeck_pfeffer-brownie.jpg","width":1200,"height":1200},{"@type":"BreadcrumbList","@id":"https:\/\/www.raffinessen.ch\/dr-aengelibeck-backt-einen-kampot-pfeffer-brownie\/#breadcrumb","itemListElement":[{"@type":"ListItem","position":1,"name":"Home","item":"https:\/\/www.raffinessen.ch\/"},{"@type":"ListItem","position":2,"name":"Dr \u00c4ngelibeck backt einen Kampot Pfeffer Brownie"}]},{"@type":"WebSite","@id":"https:\/\/www.raffinessen.ch\/#website","url":"https:\/\/www.raffinessen.ch\/","name":"Raffinements","description":"poivre de Kampot rouge et noir - \u00e9pices","potentialAction":[{"@type":"SearchAction","target":{"@type":"EntryPoint","urlTemplate":"https:\/\/www.raffinessen.ch\/?s={search_term_string}"},"query-input":{"@type":"PropertyValueSpecification","valueRequired":true,"valueName":"search_term_string"}}],"inLanguage":"fr-FR"},{"@type":"Person","@id":"https:\/\/www.raffinessen.ch\/#\/schema\/person\/778a79aef22b71e0b7c69a26be6b92e8","name":"Auteur","image":{"@type":"ImageObject","inLanguage":"fr-FR","@id":"https:\/\/secure.gravatar.com\/avatar\/5ac208422f20c3215f4431af57cabcd0ccf1209f5ba1e1c9388f51d4c76138a4?s=96&d=mm&r=g","url":"https:\/\/secure.gravatar.com\/avatar\/5ac208422f20c3215f4431af57cabcd0ccf1209f5ba1e1c9388f51d4c76138a4?s=96&d=mm&r=g","contentUrl":"https:\/\/secure.gravatar.com\/avatar\/5ac208422f20c3215f4431af57cabcd0ccf1209f5ba1e1c9388f51d4c76138a4?s=96&d=mm&r=g","caption":"Autor"},"url":"https:\/\/www.raffinessen.ch\/fr\/author\/matthias\/"}]}},"_links":{"self":[{"href":"https:\/\/www.raffinessen.ch\/fr\/wp-json\/wp\/v2\/posts\/1707","targetHints":{"allow":["GET"]}}],"collection":[{"href":"https:\/\/www.raffinessen.ch\/fr\/wp-json\/wp\/v2\/posts"}],"about":[{"href":"https:\/\/www.raffinessen.ch\/fr\/wp-json\/wp\/v2\/types\/post"}],"author":[{"embeddable":true,"href":"https:\/\/www.raffinessen.ch\/fr\/wp-json\/wp\/v2\/users\/1"}],"replies":[{"embeddable":true,"href":"https:\/\/www.raffinessen.ch\/fr\/wp-json\/wp\/v2\/comments?post=1707"}],"version-history":[{"count":0,"href":"https:\/\/www.raffinessen.ch\/fr\/wp-json\/wp\/v2\/posts\/1707\/revisions"}],"wp:featuredmedia":[{"embeddable":true,"href":"https:\/\/www.raffinessen.ch\/fr\/wp-json\/wp\/v2\/media\/1681"}],"wp:attachment":[{"href":"https:\/\/www.raffinessen.ch\/fr\/wp-json\/wp\/v2\/media?parent=1707"}],"wp:term":[{"taxonomy":"category","embeddable":true,"href":"https:\/\/www.raffinessen.ch\/fr\/wp-json\/wp\/v2\/categories?post=1707"},{"taxonomy":"post_tag","embeddable":true,"href":"https:\/\/www.raffinessen.ch\/fr\/wp-json\/wp\/v2\/tags?post=1707"}],"curies":[{"name":"wp","href":"https:\/\/api.w.org\/{rel}","templated":true}]}}