{"id":1704,"date":"2016-08-26T14:15:50","date_gmt":"2016-08-26T12:15:50","guid":{"rendered":"https:\/\/raffinessen.ch\/webseite\/?p=1704"},"modified":"2016-09-15T14:21:46","modified_gmt":"2016-09-15T12:21:46","slug":"gewuerz-seminar-die-welt-der-gewuerze-suedostasien","status":"publish","type":"post","link":"https:\/\/www.raffinessen.ch\/fr\/gewuerz-seminar-die-welt-der-gewuerze-suedostasien\/","title":{"rendered":"S\u00e9minaire sur les \u00e9pices - \"Le monde des \u00e9pices : Asie du Sud-Est\""},"content":{"rendered":"<p><a href=\"https:\/\/raffinessen.ch\/webseite\/wp-content\/uploads\/2016\/09\/pascal-haag-pfeffer-seminar.jpg\"><img loading=\"lazy\" decoding=\"async\" class=\"alignnone size-large wp-image-1688\" src=\"https:\/\/raffinessen.ch\/webseite\/wp-content\/uploads\/2016\/09\/pascal-haag-pfeffer-seminar-1030x1030.jpg\" alt=\"pascal-haag-pfeffer-seminar\" width=\"1030\" height=\"1030\" srcset=\"https:\/\/www.raffinessen.ch\/webseite\/wp-content\/uploads\/2016\/09\/pascal-haag-pfeffer-seminar-1030x1030.jpg 1030w, https:\/\/www.raffinessen.ch\/webseite\/wp-content\/uploads\/2016\/09\/pascal-haag-pfeffer-seminar-500x500.jpg 500w, https:\/\/www.raffinessen.ch\/webseite\/wp-content\/uploads\/2016\/09\/pascal-haag-pfeffer-seminar-1000x1000.jpg 1000w, https:\/\/www.raffinessen.ch\/webseite\/wp-content\/uploads\/2016\/09\/pascal-haag-pfeffer-seminar-100x100.jpg 100w, https:\/\/www.raffinessen.ch\/webseite\/wp-content\/uploads\/2016\/09\/pascal-haag-pfeffer-seminar-80x80.jpg 80w, https:\/\/www.raffinessen.ch\/webseite\/wp-content\/uploads\/2016\/09\/pascal-haag-pfeffer-seminar-300x300.jpg 300w, https:\/\/www.raffinessen.ch\/webseite\/wp-content\/uploads\/2016\/09\/pascal-haag-pfeffer-seminar-768x768.jpg 768w, https:\/\/www.raffinessen.ch\/webseite\/wp-content\/uploads\/2016\/09\/pascal-haag-pfeffer-seminar-36x36.jpg 36w, https:\/\/www.raffinessen.ch\/webseite\/wp-content\/uploads\/2016\/09\/pascal-haag-pfeffer-seminar-180x180.jpg 180w, https:\/\/www.raffinessen.ch\/webseite\/wp-content\/uploads\/2016\/09\/pascal-haag-pfeffer-seminar-705x705.jpg 705w, https:\/\/www.raffinessen.ch\/webseite\/wp-content\/uploads\/2016\/09\/pascal-haag-pfeffer-seminar.jpg 1200w\" sizes=\"auto, (max-width: 1030px) 100vw, 1030px\" \/><\/a><\/p>\n<p>Pascal Haag, grand fan du poivre de Kampot et d\u00e9veloppeur de recettes de longue date pour Hiltl, et Laura Sch\u00e4lchlin, fondatrice de Sobre Mesa, sont tes h\u00f4tes. Il te pr\u00e9sentera les principales \u00e9pices utilis\u00e9es dans les plats d'Asie du Sud-Est et t'expliquera les diff\u00e9rences sp\u00e9cifiques \u00e0 chaque pays.<\/p>\n<p>Nous te r\u00e9compensons avec de nombreuses informations, des amuse-bouches, des supports de cours passionnants, et deux m\u00e9langes d'\u00e9pices.<\/p>\n<p>Le cours aura lieu le dimanche 16 octobre 2016 de 13h30 \u00e0 16h00 \u00e0 Zurich. Le s\u00e9minaire, y compris les <a href=\"https:\/\/wemakeit.com\/projects\/pfeffer-koenig-der-gewuerze\" target=\"_blank\">Nous offrons des r\u00e9compenses pour CHF 65.<\/a> Tu trouveras des informations d\u00e9taill\u00e9es sur Pascal Haag sous <a href=\"http:\/\/www.pascalhaag.ch\/\" target=\"_blank\">www.pascalhaag.ch<\/a><\/p>\n<p>Il est bien s\u00fbr possible de recevoir plusieurs r\u00e9compenses. Nous nous r\u00e9jouissons de tout soutien.<\/p>\n<p>Markus et Khom<\/p>","protected":false},"excerpt":{"rendered":"<p>Pascal Haag, grosser Kampot Pfeffer Fan und langj\u00e4hriger Rezeptentwickler f\u00fcr Hiltl und Laura Sch\u00e4lchlin Gr\u00fcnderin von Sobre Mesa sind deine Gastgeber. Er stellt dir die wichtigsten Gew\u00fcrze der s\u00fcdostasiatischen Gerichte vor und erkl\u00e4rt die l\u00e4nderspezifischen Unterschiede. Wir belohnen dich mit vielen Informationen, H\u00e4ppchen, spannenden Kursunterlagen, und zwei Gew\u00fcrzmischungen. Der Kurs findet am Sonntag 16. Oktober [&hellip;]<\/p>\n","protected":false},"author":1,"featured_media":1688,"comment_status":"closed","ping_status":"closed","sticky":false,"template":"","format":"standard","meta":{"footnotes":""},"categories":[26,33],"tags":[],"class_list":["post-1704","post","type-post","status-publish","format-standard","has-post-thumbnail","hentry","category-kampot-pfeffer","category-wemakeit"],"yoast_head":"<!-- This site is optimized with the Yoast SEO plugin v27.5 - https:\/\/yoast.com\/product\/yoast-seo-wordpress\/ -->\n<title>Gew\u00fcrz-Seminar - \u00abDie Welt der Gew\u00fcrze: S\u00fcdostasien\u00bb - Raffinessen<\/title>\n<meta name=\"robots\" content=\"index, follow, max-snippet:-1, max-image-preview:large, max-video-preview:-1\" \/>\n<link rel=\"canonical\" href=\"https:\/\/www.raffinessen.ch\/fr\/gewuerz-seminar-die-welt-der-gewuerze-suedostasien\/\" \/>\n<meta property=\"og:locale\" content=\"fr_FR\" \/>\n<meta property=\"og:type\" content=\"article\" \/>\n<meta property=\"og:title\" content=\"Gew\u00fcrz-Seminar - \u00abDie Welt der Gew\u00fcrze: S\u00fcdostasien\u00bb - Raffinessen\" \/>\n<meta property=\"og:description\" content=\"Pascal Haag, grosser Kampot Pfeffer Fan und langj\u00e4hriger Rezeptentwickler f\u00fcr Hiltl und Laura Sch\u00e4lchlin Gr\u00fcnderin von Sobre Mesa sind deine Gastgeber. Er stellt dir die wichtigsten Gew\u00fcrze der s\u00fcdostasiatischen Gerichte vor und erkl\u00e4rt die l\u00e4nderspezifischen Unterschiede. Wir belohnen dich mit vielen Informationen, H\u00e4ppchen, spannenden Kursunterlagen, und zwei Gew\u00fcrzmischungen. Der Kurs findet am Sonntag 16. Oktober [&hellip;]\" \/>\n<meta property=\"og:url\" content=\"https:\/\/www.raffinessen.ch\/fr\/gewuerz-seminar-die-welt-der-gewuerze-suedostasien\/\" \/>\n<meta property=\"og:site_name\" content=\"Raffinessen\" \/>\n<meta property=\"article:published_time\" content=\"2016-08-26T12:15:50+00:00\" \/>\n<meta property=\"article:modified_time\" content=\"2016-09-15T12:21:46+00:00\" \/>\n<meta property=\"og:image\" content=\"https:\/\/www.raffinessen.ch\/webseite\/wp-content\/uploads\/2016\/09\/pascal-haag-pfeffer-seminar.jpg\" \/>\n\t<meta property=\"og:image:width\" content=\"1200\" \/>\n\t<meta property=\"og:image:height\" content=\"1200\" \/>\n\t<meta property=\"og:image:type\" content=\"image\/jpeg\" \/>\n<meta name=\"author\" content=\"Autor\" \/>\n<meta name=\"twitter:card\" content=\"summary_large_image\" \/>\n<meta name=\"twitter:label1\" content=\"\u00c9crit par\" \/>\n\t<meta name=\"twitter:data1\" content=\"Autor\" \/>\n\t<meta name=\"twitter:label2\" content=\"Dur\u00e9e de lecture estim\u00e9e\" \/>\n\t<meta name=\"twitter:data2\" content=\"1 minute\" \/>\n<script type=\"application\/ld+json\" class=\"yoast-schema-graph\">{\"@context\":\"https:\\\/\\\/schema.org\",\"@graph\":[{\"@type\":\"Article\",\"@id\":\"https:\\\/\\\/www.raffinessen.ch\\\/gewuerz-seminar-die-welt-der-gewuerze-suedostasien\\\/#article\",\"isPartOf\":{\"@id\":\"https:\\\/\\\/www.raffinessen.ch\\\/gewuerz-seminar-die-welt-der-gewuerze-suedostasien\\\/\"},\"author\":{\"name\":\"Autor\",\"@id\":\"https:\\\/\\\/www.raffinessen.ch\\\/#\\\/schema\\\/person\\\/778a79aef22b71e0b7c69a26be6b92e8\"},\"headline\":\"Gew\u00fcrz-Seminar &#8211; \u00abDie Welt der Gew\u00fcrze: S\u00fcdostasien\u00bb\",\"datePublished\":\"2016-08-26T12:15:50+00:00\",\"dateModified\":\"2016-09-15T12:21:46+00:00\",\"mainEntityOfPage\":{\"@id\":\"https:\\\/\\\/www.raffinessen.ch\\\/gewuerz-seminar-die-welt-der-gewuerze-suedostasien\\\/\"},\"wordCount\":125,\"image\":{\"@id\":\"https:\\\/\\\/www.raffinessen.ch\\\/gewuerz-seminar-die-welt-der-gewuerze-suedostasien\\\/#primaryimage\"},\"thumbnailUrl\":\"https:\\\/\\\/www.raffinessen.ch\\\/webseite\\\/wp-content\\\/uploads\\\/2016\\\/09\\\/pascal-haag-pfeffer-seminar.jpg\",\"articleSection\":[\"Kampot Pfeffer\",\"Wemakeit\"],\"inLanguage\":\"fr-FR\"},{\"@type\":\"WebPage\",\"@id\":\"https:\\\/\\\/www.raffinessen.ch\\\/gewuerz-seminar-die-welt-der-gewuerze-suedostasien\\\/\",\"url\":\"https:\\\/\\\/www.raffinessen.ch\\\/gewuerz-seminar-die-welt-der-gewuerze-suedostasien\\\/\",\"name\":\"Gew\u00fcrz-Seminar - \u00abDie Welt der Gew\u00fcrze: S\u00fcdostasien\u00bb - Raffinessen\",\"isPartOf\":{\"@id\":\"https:\\\/\\\/www.raffinessen.ch\\\/#website\"},\"primaryImageOfPage\":{\"@id\":\"https:\\\/\\\/www.raffinessen.ch\\\/gewuerz-seminar-die-welt-der-gewuerze-suedostasien\\\/#primaryimage\"},\"image\":{\"@id\":\"https:\\\/\\\/www.raffinessen.ch\\\/gewuerz-seminar-die-welt-der-gewuerze-suedostasien\\\/#primaryimage\"},\"thumbnailUrl\":\"https:\\\/\\\/www.raffinessen.ch\\\/webseite\\\/wp-content\\\/uploads\\\/2016\\\/09\\\/pascal-haag-pfeffer-seminar.jpg\",\"datePublished\":\"2016-08-26T12:15:50+00:00\",\"dateModified\":\"2016-09-15T12:21:46+00:00\",\"author\":{\"@id\":\"https:\\\/\\\/www.raffinessen.ch\\\/#\\\/schema\\\/person\\\/778a79aef22b71e0b7c69a26be6b92e8\"},\"breadcrumb\":{\"@id\":\"https:\\\/\\\/www.raffinessen.ch\\\/gewuerz-seminar-die-welt-der-gewuerze-suedostasien\\\/#breadcrumb\"},\"inLanguage\":\"fr-FR\",\"potentialAction\":[{\"@type\":\"ReadAction\",\"target\":[\"https:\\\/\\\/www.raffinessen.ch\\\/gewuerz-seminar-die-welt-der-gewuerze-suedostasien\\\/\"]}]},{\"@type\":\"ImageObject\",\"inLanguage\":\"fr-FR\",\"@id\":\"https:\\\/\\\/www.raffinessen.ch\\\/gewuerz-seminar-die-welt-der-gewuerze-suedostasien\\\/#primaryimage\",\"url\":\"https:\\\/\\\/www.raffinessen.ch\\\/webseite\\\/wp-content\\\/uploads\\\/2016\\\/09\\\/pascal-haag-pfeffer-seminar.jpg\",\"contentUrl\":\"https:\\\/\\\/www.raffinessen.ch\\\/webseite\\\/wp-content\\\/uploads\\\/2016\\\/09\\\/pascal-haag-pfeffer-seminar.jpg\",\"width\":1200,\"height\":1200},{\"@type\":\"BreadcrumbList\",\"@id\":\"https:\\\/\\\/www.raffinessen.ch\\\/gewuerz-seminar-die-welt-der-gewuerze-suedostasien\\\/#breadcrumb\",\"itemListElement\":[{\"@type\":\"ListItem\",\"position\":1,\"name\":\"Home\",\"item\":\"https:\\\/\\\/www.raffinessen.ch\\\/\"},{\"@type\":\"ListItem\",\"position\":2,\"name\":\"Gew\u00fcrz-Seminar &#8211; \u00abDie Welt der Gew\u00fcrze: S\u00fcdostasien\u00bb\"}]},{\"@type\":\"WebSite\",\"@id\":\"https:\\\/\\\/www.raffinessen.ch\\\/#website\",\"url\":\"https:\\\/\\\/www.raffinessen.ch\\\/\",\"name\":\"Raffinessen\",\"description\":\"roter und schwarzer Kampot Pfeffer - Gew\u00fcrze\",\"potentialAction\":[{\"@type\":\"SearchAction\",\"target\":{\"@type\":\"EntryPoint\",\"urlTemplate\":\"https:\\\/\\\/www.raffinessen.ch\\\/?s={search_term_string}\"},\"query-input\":{\"@type\":\"PropertyValueSpecification\",\"valueRequired\":true,\"valueName\":\"search_term_string\"}}],\"inLanguage\":\"fr-FR\"},{\"@type\":\"Person\",\"@id\":\"https:\\\/\\\/www.raffinessen.ch\\\/#\\\/schema\\\/person\\\/778a79aef22b71e0b7c69a26be6b92e8\",\"name\":\"Autor\",\"image\":{\"@type\":\"ImageObject\",\"inLanguage\":\"fr-FR\",\"@id\":\"https:\\\/\\\/secure.gravatar.com\\\/avatar\\\/5ac208422f20c3215f4431af57cabcd0ccf1209f5ba1e1c9388f51d4c76138a4?s=96&d=mm&r=g\",\"url\":\"https:\\\/\\\/secure.gravatar.com\\\/avatar\\\/5ac208422f20c3215f4431af57cabcd0ccf1209f5ba1e1c9388f51d4c76138a4?s=96&d=mm&r=g\",\"contentUrl\":\"https:\\\/\\\/secure.gravatar.com\\\/avatar\\\/5ac208422f20c3215f4431af57cabcd0ccf1209f5ba1e1c9388f51d4c76138a4?s=96&d=mm&r=g\",\"caption\":\"Autor\"},\"url\":\"https:\\\/\\\/www.raffinessen.ch\\\/fr\\\/author\\\/matthias\\\/\"}]}<\/script>\n<!-- \/ Yoast SEO plugin. -->","yoast_head_json":{"title":"Gew\u00fcrz-Seminar - \u00abDie Welt der Gew\u00fcrze: S\u00fcdostasien\u00bb - Raffinessen","robots":{"index":"index","follow":"follow","max-snippet":"max-snippet:-1","max-image-preview":"max-image-preview:large","max-video-preview":"max-video-preview:-1"},"canonical":"https:\/\/www.raffinessen.ch\/fr\/gewuerz-seminar-die-welt-der-gewuerze-suedostasien\/","og_locale":"fr_FR","og_type":"article","og_title":"Gew\u00fcrz-Seminar - \u00abDie Welt der Gew\u00fcrze: S\u00fcdostasien\u00bb - Raffinessen","og_description":"Pascal Haag, grosser Kampot Pfeffer Fan und langj\u00e4hriger Rezeptentwickler f\u00fcr Hiltl und Laura Sch\u00e4lchlin Gr\u00fcnderin von Sobre Mesa sind deine Gastgeber. Er stellt dir die wichtigsten Gew\u00fcrze der s\u00fcdostasiatischen Gerichte vor und erkl\u00e4rt die l\u00e4nderspezifischen Unterschiede. Wir belohnen dich mit vielen Informationen, H\u00e4ppchen, spannenden Kursunterlagen, und zwei Gew\u00fcrzmischungen. Der Kurs findet am Sonntag 16. Oktober [&hellip;]","og_url":"https:\/\/www.raffinessen.ch\/fr\/gewuerz-seminar-die-welt-der-gewuerze-suedostasien\/","og_site_name":"Raffinessen","article_published_time":"2016-08-26T12:15:50+00:00","article_modified_time":"2016-09-15T12:21:46+00:00","og_image":[{"width":1200,"height":1200,"url":"https:\/\/www.raffinessen.ch\/webseite\/wp-content\/uploads\/2016\/09\/pascal-haag-pfeffer-seminar.jpg","type":"image\/jpeg"}],"author":"Autor","twitter_card":"summary_large_image","twitter_misc":{"\u00c9crit par":"Autor","Dur\u00e9e de lecture estim\u00e9e":"1 minute"},"schema":{"@context":"https:\/\/schema.org","@graph":[{"@type":"Article","@id":"https:\/\/www.raffinessen.ch\/gewuerz-seminar-die-welt-der-gewuerze-suedostasien\/#article","isPartOf":{"@id":"https:\/\/www.raffinessen.ch\/gewuerz-seminar-die-welt-der-gewuerze-suedostasien\/"},"author":{"name":"Autor","@id":"https:\/\/www.raffinessen.ch\/#\/schema\/person\/778a79aef22b71e0b7c69a26be6b92e8"},"headline":"Gew\u00fcrz-Seminar &#8211; \u00abDie Welt der Gew\u00fcrze: S\u00fcdostasien\u00bb","datePublished":"2016-08-26T12:15:50+00:00","dateModified":"2016-09-15T12:21:46+00:00","mainEntityOfPage":{"@id":"https:\/\/www.raffinessen.ch\/gewuerz-seminar-die-welt-der-gewuerze-suedostasien\/"},"wordCount":125,"image":{"@id":"https:\/\/www.raffinessen.ch\/gewuerz-seminar-die-welt-der-gewuerze-suedostasien\/#primaryimage"},"thumbnailUrl":"https:\/\/www.raffinessen.ch\/webseite\/wp-content\/uploads\/2016\/09\/pascal-haag-pfeffer-seminar.jpg","articleSection":["Kampot Pfeffer","Wemakeit"],"inLanguage":"fr-FR"},{"@type":"WebPage","@id":"https:\/\/www.raffinessen.ch\/gewuerz-seminar-die-welt-der-gewuerze-suedostasien\/","url":"https:\/\/www.raffinessen.ch\/gewuerz-seminar-die-welt-der-gewuerze-suedostasien\/","name":"Gew\u00fcrz-Seminar - \u00abDie Welt der Gew\u00fcrze: S\u00fcdostasien\u00bb - Raffinessen","isPartOf":{"@id":"https:\/\/www.raffinessen.ch\/#website"},"primaryImageOfPage":{"@id":"https:\/\/www.raffinessen.ch\/gewuerz-seminar-die-welt-der-gewuerze-suedostasien\/#primaryimage"},"image":{"@id":"https:\/\/www.raffinessen.ch\/gewuerz-seminar-die-welt-der-gewuerze-suedostasien\/#primaryimage"},"thumbnailUrl":"https:\/\/www.raffinessen.ch\/webseite\/wp-content\/uploads\/2016\/09\/pascal-haag-pfeffer-seminar.jpg","datePublished":"2016-08-26T12:15:50+00:00","dateModified":"2016-09-15T12:21:46+00:00","author":{"@id":"https:\/\/www.raffinessen.ch\/#\/schema\/person\/778a79aef22b71e0b7c69a26be6b92e8"},"breadcrumb":{"@id":"https:\/\/www.raffinessen.ch\/gewuerz-seminar-die-welt-der-gewuerze-suedostasien\/#breadcrumb"},"inLanguage":"fr-FR","potentialAction":[{"@type":"ReadAction","target":["https:\/\/www.raffinessen.ch\/gewuerz-seminar-die-welt-der-gewuerze-suedostasien\/"]}]},{"@type":"ImageObject","inLanguage":"fr-FR","@id":"https:\/\/www.raffinessen.ch\/gewuerz-seminar-die-welt-der-gewuerze-suedostasien\/#primaryimage","url":"https:\/\/www.raffinessen.ch\/webseite\/wp-content\/uploads\/2016\/09\/pascal-haag-pfeffer-seminar.jpg","contentUrl":"https:\/\/www.raffinessen.ch\/webseite\/wp-content\/uploads\/2016\/09\/pascal-haag-pfeffer-seminar.jpg","width":1200,"height":1200},{"@type":"BreadcrumbList","@id":"https:\/\/www.raffinessen.ch\/gewuerz-seminar-die-welt-der-gewuerze-suedostasien\/#breadcrumb","itemListElement":[{"@type":"ListItem","position":1,"name":"Home","item":"https:\/\/www.raffinessen.ch\/"},{"@type":"ListItem","position":2,"name":"Gew\u00fcrz-Seminar &#8211; \u00abDie Welt der Gew\u00fcrze: S\u00fcdostasien\u00bb"}]},{"@type":"WebSite","@id":"https:\/\/www.raffinessen.ch\/#website","url":"https:\/\/www.raffinessen.ch\/","name":"Raffinements","description":"poivre de Kampot rouge et noir - \u00e9pices","potentialAction":[{"@type":"SearchAction","target":{"@type":"EntryPoint","urlTemplate":"https:\/\/www.raffinessen.ch\/?s={search_term_string}"},"query-input":{"@type":"PropertyValueSpecification","valueRequired":true,"valueName":"search_term_string"}}],"inLanguage":"fr-FR"},{"@type":"Person","@id":"https:\/\/www.raffinessen.ch\/#\/schema\/person\/778a79aef22b71e0b7c69a26be6b92e8","name":"Auteur","image":{"@type":"ImageObject","inLanguage":"fr-FR","@id":"https:\/\/secure.gravatar.com\/avatar\/5ac208422f20c3215f4431af57cabcd0ccf1209f5ba1e1c9388f51d4c76138a4?s=96&d=mm&r=g","url":"https:\/\/secure.gravatar.com\/avatar\/5ac208422f20c3215f4431af57cabcd0ccf1209f5ba1e1c9388f51d4c76138a4?s=96&d=mm&r=g","contentUrl":"https:\/\/secure.gravatar.com\/avatar\/5ac208422f20c3215f4431af57cabcd0ccf1209f5ba1e1c9388f51d4c76138a4?s=96&d=mm&r=g","caption":"Autor"},"url":"https:\/\/www.raffinessen.ch\/fr\/author\/matthias\/"}]}},"_links":{"self":[{"href":"https:\/\/www.raffinessen.ch\/fr\/wp-json\/wp\/v2\/posts\/1704","targetHints":{"allow":["GET"]}}],"collection":[{"href":"https:\/\/www.raffinessen.ch\/fr\/wp-json\/wp\/v2\/posts"}],"about":[{"href":"https:\/\/www.raffinessen.ch\/fr\/wp-json\/wp\/v2\/types\/post"}],"author":[{"embeddable":true,"href":"https:\/\/www.raffinessen.ch\/fr\/wp-json\/wp\/v2\/users\/1"}],"replies":[{"embeddable":true,"href":"https:\/\/www.raffinessen.ch\/fr\/wp-json\/wp\/v2\/comments?post=1704"}],"version-history":[{"count":0,"href":"https:\/\/www.raffinessen.ch\/fr\/wp-json\/wp\/v2\/posts\/1704\/revisions"}],"wp:featuredmedia":[{"embeddable":true,"href":"https:\/\/www.raffinessen.ch\/fr\/wp-json\/wp\/v2\/media\/1688"}],"wp:attachment":[{"href":"https:\/\/www.raffinessen.ch\/fr\/wp-json\/wp\/v2\/media?parent=1704"}],"wp:term":[{"taxonomy":"category","embeddable":true,"href":"https:\/\/www.raffinessen.ch\/fr\/wp-json\/wp\/v2\/categories?post=1704"},{"taxonomy":"post_tag","embeddable":true,"href":"https:\/\/www.raffinessen.ch\/fr\/wp-json\/wp\/v2\/tags?post=1704"}],"curies":[{"name":"wp","href":"https:\/\/api.w.org\/{rel}","templated":true}]}}