{"id":1298,"date":"2016-06-08T13:04:04","date_gmt":"2016-06-08T11:04:04","guid":{"rendered":"https:\/\/raffinessen.ch\/webseite\/?p=1298"},"modified":"2018-05-11T16:37:44","modified_gmt":"2018-05-11T14:37:44","slug":"making-impressionen-von-unserem-film","status":"publish","type":"post","link":"https:\/\/www.raffinessen.ch\/fr\/making-impressionen-von-unserem-film\/","title":{"rendered":"Making-of Impressions de notre film"},"content":{"rendered":"<p>Ces deux jours de tournage ont \u00e9t\u00e9 tr\u00e8s passionnants :<\/p>\n<ul>\n<li>40 degr\u00e9s \u00e0 l'ombre<\/li>\n<li>20 r\u00e9p\u00e9titions, parce que Khom et Markus s'\u00e9taient encore promis<\/li>\n<li>5 litres d'eau par personne pour compenser un tant soit peu la sueur perdue<\/li>\n<li>1 producteur autoritaire qui s'assurait que tout le monde \u00e9tait au bon endroit au bon moment et faisait et disait ce qu'il fallait.<\/li>\n<li>1 cam\u00e9raman attentif, qui prenait les meilleures images quand personne ne le remarquait<\/li>\n<li>1 drone pour les images fantastiques prises \u00e0 vol d'oiseau<\/li>\n<li>Et bien s\u00fbr, tous les collaborateurs et leurs familles qui nous ont aid\u00e9s \u00e0 r\u00e9aliser ces superbes photos.<\/li>\n<\/ul>\n<p>Le texte parl\u00e9 devait \u00eatre bien pr\u00e9par\u00e9 et appris par c\u0153ur. En revanche, il n'y a pas eu de script pour le sc\u00e9nario. Tout a \u00e9t\u00e9 organis\u00e9 et tourn\u00e9 spontan\u00e9ment par l'\u00e9quipe de production avec les gens sur place et le mobilier disponible.<\/p>\n<p>Les photos montrent quelques impressions des deux jours de tournage.<\/p>\n<div id='av-masonry-1' class='av-masonry av-26u17m-e28fa6c9a89238d69084ec72f3237fb9 noHover av-flex-size av-1px-gap av-hover-overlay- av-masonry-animation-active av-masonry-col-flexible av-caption-always av-caption-style- av-masonry-gallery' data-post_id=\"1298\"><div class=\"av-masonry-container isotope av-js-disabled\"><div class='av-masonry-entry isotope-item av-masonry-item-no-image'><\/div><a href=\"https:\/\/www.raffinessen.ch\/webseite\/wp-content\/uploads\/2016\/06\/gout-du-terroir-making-of-01.jpg\" data-srcset=\"https:\/\/www.raffinessen.ch\/webseite\/wp-content\/uploads\/2016\/06\/gout-du-terroir-making-of-01.jpg 1000w, https:\/\/www.raffinessen.ch\/webseite\/wp-content\/uploads\/2016\/06\/gout-du-terroir-making-of-01-300x200.jpg 300w, https:\/\/www.raffinessen.ch\/webseite\/wp-content\/uploads\/2016\/06\/gout-du-terroir-making-of-01-768x512.jpg 768w, https:\/\/www.raffinessen.ch\/webseite\/wp-content\/uploads\/2016\/06\/gout-du-terroir-making-of-01-705x470.jpg 705w\" data-sizes=\"(max-width: 1000px) 100vw, 1000px\"  aria-label=\"image gout-du-terroir-making-of-01\"  id='av-masonry-1-item-1303' data-av-masonry-item='1303' class='av-masonry-entry isotope-item post-1303 attachment type-attachment status-inherit hentry  av-masonry-item-with-image' title=\"a gouter au terroir-making-of-01\" alt=\"\"    itemprop=\"thumbnailUrl\" ><div class='av-inner-masonry-sizer'><\/div><figure class='av-inner-masonry main_color'><div class=\"av-masonry-outerimage-container\"><div class='av-masonry-image-container'  ><img decoding=\"async\" width=\"705\" height=\"470\" fetchpriority=\"high\" class=\"wp-image-1303 avia-img-lazy-loading-not-1303\"  src=\"https:\/\/www.raffinessen.ch\/webseite\/wp-content\/uploads\/2016\/06\/gout-du-terroir-making-of-01-705x470.jpg\" title=\"a gouter au terroir-making-of-01\" alt=\"\" srcset=\"https:\/\/www.raffinessen.ch\/webseite\/wp-content\/uploads\/2016\/06\/gout-du-terroir-making-of-01-705x470.jpg 705w, https:\/\/www.raffinessen.ch\/webseite\/wp-content\/uploads\/2016\/06\/gout-du-terroir-making-of-01.jpg 1000w, https:\/\/www.raffinessen.ch\/webseite\/wp-content\/uploads\/2016\/06\/gout-du-terroir-making-of-01-300x200.jpg 300w, https:\/\/www.raffinessen.ch\/webseite\/wp-content\/uploads\/2016\/06\/gout-du-terroir-making-of-01-768x512.jpg 768w\" sizes=\"(max-width: 705px) 100vw, 705px\" \/><\/div><\/div><\/figure><\/a><!--end av-masonry entry--><a href=\"https:\/\/www.raffinessen.ch\/webseite\/wp-content\/uploads\/2016\/06\/gout-du-terroir-making-of-02.jpg\" data-srcset=\"https:\/\/www.raffinessen.ch\/webseite\/wp-content\/uploads\/2016\/06\/gout-du-terroir-making-of-02.jpg 1000w, https:\/\/www.raffinessen.ch\/webseite\/wp-content\/uploads\/2016\/06\/gout-du-terroir-making-of-02-300x200.jpg 300w, https:\/\/www.raffinessen.ch\/webseite\/wp-content\/uploads\/2016\/06\/gout-du-terroir-making-of-02-768x512.jpg 768w, https:\/\/www.raffinessen.ch\/webseite\/wp-content\/uploads\/2016\/06\/gout-du-terroir-making-of-02-705x470.jpg 705w\" data-sizes=\"(max-width: 1000px) 100vw, 1000px\"  aria-label=\"image gout-du-terroir-making-of-02\"  id='av-masonry-1-item-1302' data-av-masonry-item='1302' class='av-masonry-entry isotope-item post-1302 attachment type-attachment status-inherit hentry  av-masonry-item-with-image' title=\"a gouter au terroir-making-of-02\" alt=\"\"    itemprop=\"thumbnailUrl\" ><div class='av-inner-masonry-sizer'><\/div><figure class='av-inner-masonry main_color'><div class=\"av-masonry-outerimage-container\"><div class='av-masonry-image-container'  ><img decoding=\"async\" width=\"705\" height=\"470\" fetchpriority=\"high\" class=\"wp-image-1302 avia-img-lazy-loading-not-1302\"  src=\"https:\/\/www.raffinessen.ch\/webseite\/wp-content\/uploads\/2016\/06\/gout-du-terroir-making-of-02-705x470.jpg\" title=\"a gouter au terroir-making-of-02\" alt=\"\" srcset=\"https:\/\/www.raffinessen.ch\/webseite\/wp-content\/uploads\/2016\/06\/gout-du-terroir-making-of-02-705x470.jpg 705w, https:\/\/www.raffinessen.ch\/webseite\/wp-content\/uploads\/2016\/06\/gout-du-terroir-making-of-02.jpg 1000w, https:\/\/www.raffinessen.ch\/webseite\/wp-content\/uploads\/2016\/06\/gout-du-terroir-making-of-02-300x200.jpg 300w, https:\/\/www.raffinessen.ch\/webseite\/wp-content\/uploads\/2016\/06\/gout-du-terroir-making-of-02-768x512.jpg 768w\" sizes=\"(max-width: 705px) 100vw, 705px\" \/><\/div><\/div><\/figure><\/a><!--end av-masonry entry--><a href=\"https:\/\/www.raffinessen.ch\/webseite\/wp-content\/uploads\/2016\/06\/gout-du-terroir-making-of-03.jpg\" data-srcset=\"https:\/\/www.raffinessen.ch\/webseite\/wp-content\/uploads\/2016\/06\/gout-du-terroir-making-of-03.jpg 667w, https:\/\/www.raffinessen.ch\/webseite\/wp-content\/uploads\/2016\/06\/gout-du-terroir-making-of-03-200x300.jpg 200w, https:\/\/www.raffinessen.ch\/webseite\/wp-content\/uploads\/2016\/06\/gout-du-terroir-making-of-03-470x705.jpg 470w, https:\/\/www.raffinessen.ch\/webseite\/wp-content\/uploads\/2016\/06\/gout-du-terroir-making-of-03-534x800.jpg 534w\" data-sizes=\"(max-width: 667px) 100vw, 667px\"  aria-label=\"image gout-du-terroir-making-of-03\"  id='av-masonry-1-item-1301' data-av-masonry-item='1301' class='av-masonry-entry isotope-item post-1301 attachment type-attachment status-inherit hentry  av-masonry-item-with-image' title=\"a gouter au terroir-making-of-03\" alt=\"\"    itemprop=\"thumbnailUrl\" ><div class='av-inner-masonry-sizer'><\/div><figure class='av-inner-masonry main_color'><div class=\"av-masonry-outerimage-container\"><div class='av-masonry-image-container'  ><img decoding=\"async\" width=\"470\" height=\"705\" fetchpriority=\"high\" class=\"wp-image-1301 avia-img-lazy-loading-not-1301\"  src=\"https:\/\/www.raffinessen.ch\/webseite\/wp-content\/uploads\/2016\/06\/gout-du-terroir-making-of-03-470x705.jpg\" title=\"a gouter au terroir-making-of-03\" alt=\"\" srcset=\"https:\/\/www.raffinessen.ch\/webseite\/wp-content\/uploads\/2016\/06\/gout-du-terroir-making-of-03-470x705.jpg 470w, https:\/\/www.raffinessen.ch\/webseite\/wp-content\/uploads\/2016\/06\/gout-du-terroir-making-of-03-200x300.jpg 200w, https:\/\/www.raffinessen.ch\/webseite\/wp-content\/uploads\/2016\/06\/gout-du-terroir-making-of-03-534x800.jpg 534w, https:\/\/www.raffinessen.ch\/webseite\/wp-content\/uploads\/2016\/06\/gout-du-terroir-making-of-03.jpg 667w\" sizes=\"(max-width: 470px) 100vw, 470px\" \/><\/div><\/div><\/figure><\/a><!--end av-masonry entry--><a href=\"https:\/\/www.raffinessen.ch\/webseite\/wp-content\/uploads\/2016\/06\/gout-du-terroir-making-of-04.jpg\" data-srcset=\"https:\/\/www.raffinessen.ch\/webseite\/wp-content\/uploads\/2016\/06\/gout-du-terroir-making-of-04.jpg 1000w, https:\/\/www.raffinessen.ch\/webseite\/wp-content\/uploads\/2016\/06\/gout-du-terroir-making-of-04-300x200.jpg 300w, https:\/\/www.raffinessen.ch\/webseite\/wp-content\/uploads\/2016\/06\/gout-du-terroir-making-of-04-768x512.jpg 768w, https:\/\/www.raffinessen.ch\/webseite\/wp-content\/uploads\/2016\/06\/gout-du-terroir-making-of-04-705x470.jpg 705w\" data-sizes=\"(max-width: 1000px) 100vw, 1000px\"  aria-label=\"image gout-du-terroir-making-of-04\"  id='av-masonry-1-item-1300' data-av-masonry-item='1300' class='av-masonry-entry isotope-item post-1300 attachment type-attachment status-inherit hentry  av-masonry-item-with-image' title=\"a gouter au terroir-making-of-04\" alt=\"\"    itemprop=\"thumbnailUrl\" ><div class='av-inner-masonry-sizer'><\/div><figure class='av-inner-masonry main_color'><div class=\"av-masonry-outerimage-container\"><div class='av-masonry-image-container'  ><img decoding=\"async\" width=\"705\" height=\"470\" fetchpriority=\"high\" class=\"wp-image-1300 avia-img-lazy-loading-not-1300\"  src=\"https:\/\/www.raffinessen.ch\/webseite\/wp-content\/uploads\/2016\/06\/gout-du-terroir-making-of-04-705x470.jpg\" title=\"a gouter au terroir-making-of-04\" alt=\"\" srcset=\"https:\/\/www.raffinessen.ch\/webseite\/wp-content\/uploads\/2016\/06\/gout-du-terroir-making-of-04-705x470.jpg 705w, https:\/\/www.raffinessen.ch\/webseite\/wp-content\/uploads\/2016\/06\/gout-du-terroir-making-of-04.jpg 1000w, https:\/\/www.raffinessen.ch\/webseite\/wp-content\/uploads\/2016\/06\/gout-du-terroir-making-of-04-300x200.jpg 300w, https:\/\/www.raffinessen.ch\/webseite\/wp-content\/uploads\/2016\/06\/gout-du-terroir-making-of-04-768x512.jpg 768w\" sizes=\"(max-width: 705px) 100vw, 705px\" \/><\/div><\/div><\/figure><\/a><!--end av-masonry entry--><a href=\"https:\/\/www.raffinessen.ch\/webseite\/wp-content\/uploads\/2016\/06\/gout-du-terroir-making-of-05.jpg\" data-srcset=\"https:\/\/www.raffinessen.ch\/webseite\/wp-content\/uploads\/2016\/06\/gout-du-terroir-making-of-05.jpg 1000w, https:\/\/www.raffinessen.ch\/webseite\/wp-content\/uploads\/2016\/06\/gout-du-terroir-making-of-05-300x200.jpg 300w, https:\/\/www.raffinessen.ch\/webseite\/wp-content\/uploads\/2016\/06\/gout-du-terroir-making-of-05-768x512.jpg 768w, https:\/\/www.raffinessen.ch\/webseite\/wp-content\/uploads\/2016\/06\/gout-du-terroir-making-of-05-705x470.jpg 705w\" data-sizes=\"(max-width: 1000px) 100vw, 1000px\"  aria-label=\"image gout-du-terroir-making-of-05\"  id='av-masonry-1-item-1299' data-av-masonry-item='1299' class='av-masonry-entry isotope-item post-1299 attachment type-attachment status-inherit hentry  av-masonry-item-with-image' title=\"a gouter dans le terroir-making-of-05\" alt=\"\"    itemprop=\"thumbnailUrl\" ><div class='av-inner-masonry-sizer'><\/div><figure class='av-inner-masonry main_color'><div class=\"av-masonry-outerimage-container\"><div class='av-masonry-image-container'  ><img decoding=\"async\" width=\"705\" height=\"470\" fetchpriority=\"high\" class=\"wp-image-1299 avia-img-lazy-loading-not-1299\"  src=\"https:\/\/www.raffinessen.ch\/webseite\/wp-content\/uploads\/2016\/06\/gout-du-terroir-making-of-05-705x470.jpg\" title=\"a gouter dans le terroir-making-of-05\" alt=\"\" srcset=\"https:\/\/www.raffinessen.ch\/webseite\/wp-content\/uploads\/2016\/06\/gout-du-terroir-making-of-05-705x470.jpg 705w, https:\/\/www.raffinessen.ch\/webseite\/wp-content\/uploads\/2016\/06\/gout-du-terroir-making-of-05.jpg 1000w, https:\/\/www.raffinessen.ch\/webseite\/wp-content\/uploads\/2016\/06\/gout-du-terroir-making-of-05-300x200.jpg 300w, https:\/\/www.raffinessen.ch\/webseite\/wp-content\/uploads\/2016\/06\/gout-du-terroir-making-of-05-768x512.jpg 768w\" sizes=\"(max-width: 705px) 100vw, 705px\" \/><\/div><\/div><\/figure><\/a><!--end av-masonry entry--><a href=\"https:\/\/www.raffinessen.ch\/webseite\/wp-content\/uploads\/2016\/06\/gout-du-terroir-making-of-06.jpg\" data-srcset=\"https:\/\/www.raffinessen.ch\/webseite\/wp-content\/uploads\/2016\/06\/gout-du-terroir-making-of-06.jpg 1000w, https:\/\/www.raffinessen.ch\/webseite\/wp-content\/uploads\/2016\/06\/gout-du-terroir-making-of-06-300x169.jpg 300w, https:\/\/www.raffinessen.ch\/webseite\/wp-content\/uploads\/2016\/06\/gout-du-terroir-making-of-06-768x432.jpg 768w, https:\/\/www.raffinessen.ch\/webseite\/wp-content\/uploads\/2016\/06\/gout-du-terroir-making-of-06-705x397.jpg 705w\" data-sizes=\"(max-width: 1000px) 100vw, 1000px\"  aria-label=\"image gout-du-terroir-making-of-06\"  id='av-masonry-1-item-1297' data-av-masonry-item='1297' class='av-masonry-entry isotope-item post-1297 attachment type-attachment status-inherit hentry  av-masonry-item-with-image' title=\"a gouter au terroir-making-of-06\" alt=\"\"    itemprop=\"thumbnailUrl\" ><div class='av-inner-masonry-sizer'><\/div><figure class='av-inner-masonry main_color'><div class=\"av-masonry-outerimage-container\"><div class='av-masonry-image-container'  ><img decoding=\"async\" width=\"705\" height=\"397\" fetchpriority=\"high\" class=\"wp-image-1297 avia-img-lazy-loading-not-1297\"  src=\"https:\/\/www.raffinessen.ch\/webseite\/wp-content\/uploads\/2016\/06\/gout-du-terroir-making-of-06-705x397.jpg\" title=\"a gouter au terroir-making-of-06\" alt=\"\" srcset=\"https:\/\/www.raffinessen.ch\/webseite\/wp-content\/uploads\/2016\/06\/gout-du-terroir-making-of-06-705x397.jpg 705w, https:\/\/www.raffinessen.ch\/webseite\/wp-content\/uploads\/2016\/06\/gout-du-terroir-making-of-06.jpg 1000w, https:\/\/www.raffinessen.ch\/webseite\/wp-content\/uploads\/2016\/06\/gout-du-terroir-making-of-06-300x169.jpg 300w, https:\/\/www.raffinessen.ch\/webseite\/wp-content\/uploads\/2016\/06\/gout-du-terroir-making-of-06-768x432.jpg 768w\" sizes=\"(max-width: 705px) 100vw, 705px\" \/><\/div><\/div><\/figure><\/a><!--end av-masonry entry--><\/div><\/div>","protected":false},"excerpt":{"rendered":"<p>Es waren zwei sehr spannende Drehtage: 40 Grad im Schatten 20 Wiederholungen, weil sich Khom und Markus schon wieder versprochen hatten 5 Liter Wasser pro Person, um den verlorenen Schweiss einigermassen auszugleichen 1 herumkommandierender Produzent, der daf\u00fcr sorgte, dass alle zur richtigen Zeit am richtigen Ort standen und das Richtige taten und sagten 1 aufmerksamer [&hellip;]<\/p>\n","protected":false},"author":1,"featured_media":1299,"comment_status":"closed","ping_status":"closed","sticky":false,"template":"","format":"standard","meta":{"footnotes":""},"categories":[25],"tags":[],"class_list":["post-1298","post","type-post","status-publish","format-standard","has-post-thumbnail","hentry","category-farm"],"yoast_head":"<!-- This site is optimized with the Yoast SEO plugin v27.5 - https:\/\/yoast.com\/product\/yoast-seo-wordpress\/ -->\n<title>Making-of Impressionen von unserem Film - Raffinessen<\/title>\n<meta name=\"robots\" content=\"index, follow, max-snippet:-1, max-image-preview:large, max-video-preview:-1\" \/>\n<link rel=\"canonical\" href=\"https:\/\/www.raffinessen.ch\/fr\/making-impressionen-von-unserem-film\/\" \/>\n<meta property=\"og:locale\" content=\"fr_FR\" \/>\n<meta property=\"og:type\" content=\"article\" \/>\n<meta property=\"og:title\" content=\"Making-of Impressionen von unserem Film - Raffinessen\" \/>\n<meta property=\"og:description\" content=\"Es waren zwei sehr spannende Drehtage: 40 Grad im Schatten 20 Wiederholungen, weil sich Khom und Markus schon wieder versprochen hatten 5 Liter Wasser pro Person, um den verlorenen Schweiss einigermassen auszugleichen 1 herumkommandierender Produzent, der daf\u00fcr sorgte, dass alle zur richtigen Zeit am richtigen Ort standen und das Richtige taten und sagten 1 aufmerksamer [&hellip;]\" \/>\n<meta property=\"og:url\" content=\"https:\/\/www.raffinessen.ch\/fr\/making-impressionen-von-unserem-film\/\" \/>\n<meta property=\"og:site_name\" content=\"Raffinessen\" \/>\n<meta property=\"article:published_time\" content=\"2016-06-08T11:04:04+00:00\" \/>\n<meta property=\"article:modified_time\" content=\"2018-05-11T14:37:44+00:00\" \/>\n<meta property=\"og:image\" content=\"https:\/\/www.raffinessen.ch\/webseite\/wp-content\/uploads\/2016\/06\/gout-du-terroir-making-of-05.jpg\" \/>\n\t<meta property=\"og:image:width\" content=\"1000\" \/>\n\t<meta property=\"og:image:height\" content=\"667\" \/>\n\t<meta property=\"og:image:type\" content=\"image\/jpeg\" \/>\n<meta name=\"author\" content=\"Autor\" \/>\n<meta name=\"twitter:card\" content=\"summary_large_image\" \/>\n<meta name=\"twitter:label1\" content=\"\u00c9crit par\" \/>\n\t<meta name=\"twitter:data1\" content=\"Autor\" \/>\n\t<meta name=\"twitter:label2\" content=\"Dur\u00e9e de lecture estim\u00e9e\" \/>\n\t<meta name=\"twitter:data2\" content=\"1 minute\" \/>\n<script type=\"application\/ld+json\" class=\"yoast-schema-graph\">{\"@context\":\"https:\\\/\\\/schema.org\",\"@graph\":[{\"@type\":\"Article\",\"@id\":\"https:\\\/\\\/www.raffinessen.ch\\\/making-impressionen-von-unserem-film\\\/#article\",\"isPartOf\":{\"@id\":\"https:\\\/\\\/www.raffinessen.ch\\\/making-impressionen-von-unserem-film\\\/\"},\"author\":{\"name\":\"Autor\",\"@id\":\"https:\\\/\\\/www.raffinessen.ch\\\/#\\\/schema\\\/person\\\/778a79aef22b71e0b7c69a26be6b92e8\"},\"headline\":\"Making-of Impressionen von unserem Film\",\"datePublished\":\"2016-06-08T11:04:04+00:00\",\"dateModified\":\"2018-05-11T14:37:44+00:00\",\"mainEntityOfPage\":{\"@id\":\"https:\\\/\\\/www.raffinessen.ch\\\/making-impressionen-von-unserem-film\\\/\"},\"wordCount\":176,\"image\":{\"@id\":\"https:\\\/\\\/www.raffinessen.ch\\\/making-impressionen-von-unserem-film\\\/#primaryimage\"},\"thumbnailUrl\":\"https:\\\/\\\/www.raffinessen.ch\\\/webseite\\\/wp-content\\\/uploads\\\/2016\\\/06\\\/gout-du-terroir-making-of-05.jpg\",\"articleSection\":[\"Farm\"],\"inLanguage\":\"fr-FR\"},{\"@type\":\"WebPage\",\"@id\":\"https:\\\/\\\/www.raffinessen.ch\\\/making-impressionen-von-unserem-film\\\/\",\"url\":\"https:\\\/\\\/www.raffinessen.ch\\\/making-impressionen-von-unserem-film\\\/\",\"name\":\"Making-of Impressionen von unserem Film - Raffinessen\",\"isPartOf\":{\"@id\":\"https:\\\/\\\/www.raffinessen.ch\\\/#website\"},\"primaryImageOfPage\":{\"@id\":\"https:\\\/\\\/www.raffinessen.ch\\\/making-impressionen-von-unserem-film\\\/#primaryimage\"},\"image\":{\"@id\":\"https:\\\/\\\/www.raffinessen.ch\\\/making-impressionen-von-unserem-film\\\/#primaryimage\"},\"thumbnailUrl\":\"https:\\\/\\\/www.raffinessen.ch\\\/webseite\\\/wp-content\\\/uploads\\\/2016\\\/06\\\/gout-du-terroir-making-of-05.jpg\",\"datePublished\":\"2016-06-08T11:04:04+00:00\",\"dateModified\":\"2018-05-11T14:37:44+00:00\",\"author\":{\"@id\":\"https:\\\/\\\/www.raffinessen.ch\\\/#\\\/schema\\\/person\\\/778a79aef22b71e0b7c69a26be6b92e8\"},\"breadcrumb\":{\"@id\":\"https:\\\/\\\/www.raffinessen.ch\\\/making-impressionen-von-unserem-film\\\/#breadcrumb\"},\"inLanguage\":\"fr-FR\",\"potentialAction\":[{\"@type\":\"ReadAction\",\"target\":[\"https:\\\/\\\/www.raffinessen.ch\\\/making-impressionen-von-unserem-film\\\/\"]}]},{\"@type\":\"ImageObject\",\"inLanguage\":\"fr-FR\",\"@id\":\"https:\\\/\\\/www.raffinessen.ch\\\/making-impressionen-von-unserem-film\\\/#primaryimage\",\"url\":\"https:\\\/\\\/www.raffinessen.ch\\\/webseite\\\/wp-content\\\/uploads\\\/2016\\\/06\\\/gout-du-terroir-making-of-05.jpg\",\"contentUrl\":\"https:\\\/\\\/www.raffinessen.ch\\\/webseite\\\/wp-content\\\/uploads\\\/2016\\\/06\\\/gout-du-terroir-making-of-05.jpg\",\"width\":1000,\"height\":667},{\"@type\":\"BreadcrumbList\",\"@id\":\"https:\\\/\\\/www.raffinessen.ch\\\/making-impressionen-von-unserem-film\\\/#breadcrumb\",\"itemListElement\":[{\"@type\":\"ListItem\",\"position\":1,\"name\":\"Home\",\"item\":\"https:\\\/\\\/www.raffinessen.ch\\\/\"},{\"@type\":\"ListItem\",\"position\":2,\"name\":\"Making-of Impressionen von unserem Film\"}]},{\"@type\":\"WebSite\",\"@id\":\"https:\\\/\\\/www.raffinessen.ch\\\/#website\",\"url\":\"https:\\\/\\\/www.raffinessen.ch\\\/\",\"name\":\"Raffinessen\",\"description\":\"roter und schwarzer Kampot Pfeffer - Gew\u00fcrze\",\"potentialAction\":[{\"@type\":\"SearchAction\",\"target\":{\"@type\":\"EntryPoint\",\"urlTemplate\":\"https:\\\/\\\/www.raffinessen.ch\\\/?s={search_term_string}\"},\"query-input\":{\"@type\":\"PropertyValueSpecification\",\"valueRequired\":true,\"valueName\":\"search_term_string\"}}],\"inLanguage\":\"fr-FR\"},{\"@type\":\"Person\",\"@id\":\"https:\\\/\\\/www.raffinessen.ch\\\/#\\\/schema\\\/person\\\/778a79aef22b71e0b7c69a26be6b92e8\",\"name\":\"Autor\",\"image\":{\"@type\":\"ImageObject\",\"inLanguage\":\"fr-FR\",\"@id\":\"https:\\\/\\\/secure.gravatar.com\\\/avatar\\\/5ac208422f20c3215f4431af57cabcd0ccf1209f5ba1e1c9388f51d4c76138a4?s=96&d=mm&r=g\",\"url\":\"https:\\\/\\\/secure.gravatar.com\\\/avatar\\\/5ac208422f20c3215f4431af57cabcd0ccf1209f5ba1e1c9388f51d4c76138a4?s=96&d=mm&r=g\",\"contentUrl\":\"https:\\\/\\\/secure.gravatar.com\\\/avatar\\\/5ac208422f20c3215f4431af57cabcd0ccf1209f5ba1e1c9388f51d4c76138a4?s=96&d=mm&r=g\",\"caption\":\"Autor\"},\"url\":\"https:\\\/\\\/www.raffinessen.ch\\\/fr\\\/author\\\/matthias\\\/\"}]}<\/script>\n<!-- \/ Yoast SEO plugin. -->","yoast_head_json":{"title":"Making-of Impressionen von unserem Film - Raffinessen","robots":{"index":"index","follow":"follow","max-snippet":"max-snippet:-1","max-image-preview":"max-image-preview:large","max-video-preview":"max-video-preview:-1"},"canonical":"https:\/\/www.raffinessen.ch\/fr\/making-impressionen-von-unserem-film\/","og_locale":"fr_FR","og_type":"article","og_title":"Making-of Impressionen von unserem Film - Raffinessen","og_description":"Es waren zwei sehr spannende Drehtage: 40 Grad im Schatten 20 Wiederholungen, weil sich Khom und Markus schon wieder versprochen hatten 5 Liter Wasser pro Person, um den verlorenen Schweiss einigermassen auszugleichen 1 herumkommandierender Produzent, der daf\u00fcr sorgte, dass alle zur richtigen Zeit am richtigen Ort standen und das Richtige taten und sagten 1 aufmerksamer [&hellip;]","og_url":"https:\/\/www.raffinessen.ch\/fr\/making-impressionen-von-unserem-film\/","og_site_name":"Raffinessen","article_published_time":"2016-06-08T11:04:04+00:00","article_modified_time":"2018-05-11T14:37:44+00:00","og_image":[{"width":1000,"height":667,"url":"https:\/\/www.raffinessen.ch\/webseite\/wp-content\/uploads\/2016\/06\/gout-du-terroir-making-of-05.jpg","type":"image\/jpeg"}],"author":"Autor","twitter_card":"summary_large_image","twitter_misc":{"\u00c9crit par":"Autor","Dur\u00e9e de lecture estim\u00e9e":"1 minute"},"schema":{"@context":"https:\/\/schema.org","@graph":[{"@type":"Article","@id":"https:\/\/www.raffinessen.ch\/making-impressionen-von-unserem-film\/#article","isPartOf":{"@id":"https:\/\/www.raffinessen.ch\/making-impressionen-von-unserem-film\/"},"author":{"name":"Autor","@id":"https:\/\/www.raffinessen.ch\/#\/schema\/person\/778a79aef22b71e0b7c69a26be6b92e8"},"headline":"Making-of Impressionen von unserem Film","datePublished":"2016-06-08T11:04:04+00:00","dateModified":"2018-05-11T14:37:44+00:00","mainEntityOfPage":{"@id":"https:\/\/www.raffinessen.ch\/making-impressionen-von-unserem-film\/"},"wordCount":176,"image":{"@id":"https:\/\/www.raffinessen.ch\/making-impressionen-von-unserem-film\/#primaryimage"},"thumbnailUrl":"https:\/\/www.raffinessen.ch\/webseite\/wp-content\/uploads\/2016\/06\/gout-du-terroir-making-of-05.jpg","articleSection":["Farm"],"inLanguage":"fr-FR"},{"@type":"WebPage","@id":"https:\/\/www.raffinessen.ch\/making-impressionen-von-unserem-film\/","url":"https:\/\/www.raffinessen.ch\/making-impressionen-von-unserem-film\/","name":"Making-of Impressionen von unserem Film - Raffinessen","isPartOf":{"@id":"https:\/\/www.raffinessen.ch\/#website"},"primaryImageOfPage":{"@id":"https:\/\/www.raffinessen.ch\/making-impressionen-von-unserem-film\/#primaryimage"},"image":{"@id":"https:\/\/www.raffinessen.ch\/making-impressionen-von-unserem-film\/#primaryimage"},"thumbnailUrl":"https:\/\/www.raffinessen.ch\/webseite\/wp-content\/uploads\/2016\/06\/gout-du-terroir-making-of-05.jpg","datePublished":"2016-06-08T11:04:04+00:00","dateModified":"2018-05-11T14:37:44+00:00","author":{"@id":"https:\/\/www.raffinessen.ch\/#\/schema\/person\/778a79aef22b71e0b7c69a26be6b92e8"},"breadcrumb":{"@id":"https:\/\/www.raffinessen.ch\/making-impressionen-von-unserem-film\/#breadcrumb"},"inLanguage":"fr-FR","potentialAction":[{"@type":"ReadAction","target":["https:\/\/www.raffinessen.ch\/making-impressionen-von-unserem-film\/"]}]},{"@type":"ImageObject","inLanguage":"fr-FR","@id":"https:\/\/www.raffinessen.ch\/making-impressionen-von-unserem-film\/#primaryimage","url":"https:\/\/www.raffinessen.ch\/webseite\/wp-content\/uploads\/2016\/06\/gout-du-terroir-making-of-05.jpg","contentUrl":"https:\/\/www.raffinessen.ch\/webseite\/wp-content\/uploads\/2016\/06\/gout-du-terroir-making-of-05.jpg","width":1000,"height":667},{"@type":"BreadcrumbList","@id":"https:\/\/www.raffinessen.ch\/making-impressionen-von-unserem-film\/#breadcrumb","itemListElement":[{"@type":"ListItem","position":1,"name":"Home","item":"https:\/\/www.raffinessen.ch\/"},{"@type":"ListItem","position":2,"name":"Making-of Impressionen von unserem Film"}]},{"@type":"WebSite","@id":"https:\/\/www.raffinessen.ch\/#website","url":"https:\/\/www.raffinessen.ch\/","name":"Raffinements","description":"poivre de Kampot rouge et noir - \u00e9pices","potentialAction":[{"@type":"SearchAction","target":{"@type":"EntryPoint","urlTemplate":"https:\/\/www.raffinessen.ch\/?s={search_term_string}"},"query-input":{"@type":"PropertyValueSpecification","valueRequired":true,"valueName":"search_term_string"}}],"inLanguage":"fr-FR"},{"@type":"Person","@id":"https:\/\/www.raffinessen.ch\/#\/schema\/person\/778a79aef22b71e0b7c69a26be6b92e8","name":"Auteur","image":{"@type":"ImageObject","inLanguage":"fr-FR","@id":"https:\/\/secure.gravatar.com\/avatar\/5ac208422f20c3215f4431af57cabcd0ccf1209f5ba1e1c9388f51d4c76138a4?s=96&d=mm&r=g","url":"https:\/\/secure.gravatar.com\/avatar\/5ac208422f20c3215f4431af57cabcd0ccf1209f5ba1e1c9388f51d4c76138a4?s=96&d=mm&r=g","contentUrl":"https:\/\/secure.gravatar.com\/avatar\/5ac208422f20c3215f4431af57cabcd0ccf1209f5ba1e1c9388f51d4c76138a4?s=96&d=mm&r=g","caption":"Autor"},"url":"https:\/\/www.raffinessen.ch\/fr\/author\/matthias\/"}]}},"_links":{"self":[{"href":"https:\/\/www.raffinessen.ch\/fr\/wp-json\/wp\/v2\/posts\/1298","targetHints":{"allow":["GET"]}}],"collection":[{"href":"https:\/\/www.raffinessen.ch\/fr\/wp-json\/wp\/v2\/posts"}],"about":[{"href":"https:\/\/www.raffinessen.ch\/fr\/wp-json\/wp\/v2\/types\/post"}],"author":[{"embeddable":true,"href":"https:\/\/www.raffinessen.ch\/fr\/wp-json\/wp\/v2\/users\/1"}],"replies":[{"embeddable":true,"href":"https:\/\/www.raffinessen.ch\/fr\/wp-json\/wp\/v2\/comments?post=1298"}],"version-history":[{"count":0,"href":"https:\/\/www.raffinessen.ch\/fr\/wp-json\/wp\/v2\/posts\/1298\/revisions"}],"wp:featuredmedia":[{"embeddable":true,"href":"https:\/\/www.raffinessen.ch\/fr\/wp-json\/wp\/v2\/media\/1299"}],"wp:attachment":[{"href":"https:\/\/www.raffinessen.ch\/fr\/wp-json\/wp\/v2\/media?parent=1298"}],"wp:term":[{"taxonomy":"category","embeddable":true,"href":"https:\/\/www.raffinessen.ch\/fr\/wp-json\/wp\/v2\/categories?post=1298"},{"taxonomy":"post_tag","embeddable":true,"href":"https:\/\/www.raffinessen.ch\/fr\/wp-json\/wp\/v2\/tags?post=1298"}],"curies":[{"name":"wp","href":"https:\/\/api.w.org\/{rel}","templated":true}]}}